{"id":31676,"date":"2024-12-16T17:31:51","date_gmt":"2024-12-16T20:31:51","guid":{"rendered":"https:\/\/radiostudiow.com.br\/site\/?p=31676"},"modified":"2025-01-31T14:58:05","modified_gmt":"2025-01-31T17:58:05","slug":"taxista-e-vitima-de-assalto-e-tem-carro-incendiado-em-porto-uniao","status":"publish","type":"post","link":"https:\/\/radiostudiow.com.br\/site\/2024\/12\/16\/taxista-e-vitima-de-assalto-e-tem-carro-incendiado-em-porto-uniao\/","title":{"rendered":"Taxista \u00e9 v\u00edtima de assalto e tem carro incendiado em Porto Uni\u00e3o"},"content":{"rendered":"\n<p>A equipe da Pol\u00edcia Militar de Porto Uni\u00e3o foi acionada para atender uma ocorr\u00eancia de roubo no Km13, interior do mun\u00edcipio na noite deste domingo (15).<\/p>\n\n\n\n<p>Segundo informa\u00e7\u00f5es um homem chegou em uma resid\u00eancia no Km8 pedindo ajuda ap\u00f3s ter sido v\u00edtima de um assalto.\u00a0A v\u00edtima relatou ser taxista e que por volta das 23:30 horas um homem solicitou uma corrida para o bairro Santa Rosa e posteriormente para o Km 13.<\/p>\n\n\n\n<figure class=\"wp-block-image size-full\"><img loading=\"lazy\" decoding=\"async\" width=\"590\" height=\"204\" src=\"https:\/\/radiostudiow.com.br\/site\/wp-content\/uploads\/2024\/04\/image-27.png\" alt=\"\" class=\"wp-image-21280\" srcset=\"https:\/\/radiostudiow.com.br\/site\/wp-content\/uploads\/2024\/04\/image-27.png 590w, https:\/\/radiostudiow.com.br\/site\/wp-content\/uploads\/2024\/04\/image-27-300x104.png 300w\" sizes=\"auto, (max-width: 590px) 100vw, 590px\" \/><\/figure>\n\n\n\n<p>Ao chegar na cachoeira do km 13 o homem sacou uma arma de fogo e deu voz de assalto, que neste momento entraram em vias de fato e a v\u00edtima conseguiu desarmar o autor e arremessar a arma em uma \u00e1rea de mata.<\/p>\n\n\n\n<p>Em seguida a v\u00edtima conseguiu correr chegando ao Km8 e pedir ajuda, por volta das 04h30.\u00a0Ap\u00f3s retornar ao local com a pol\u00edcia a v\u00edtima encontrou seu ve\u00edculo incendiado. A v\u00edtima tamb\u00e9m precisou de atendimento m\u00e9dico devido algumas escoria\u00e7\u00f5es.<\/p>\n\n\n\n<p><\/p>\n","protected":false},"excerpt":{"rendered":"<p>A equipe da Pol\u00edcia Militar de Porto Uni\u00e3o foi acionada para atender uma ocorr\u00eancia de roubo no Km13, interior do mun\u00edcipio na noite deste domingo (15). Segundo informa\u00e7\u00f5es um homem chegou em uma resid\u00eancia no Km8 pedindo ajuda ap\u00f3s ter sido v\u00edtima de um assalto.\u00a0A v\u00edtima relatou ser taxista e que por volta das 23:30 [&hellip;]<\/p>\n","protected":false},"author":2,"featured_media":29243,"comment_status":"open","ping_status":"open","sticky":false,"template":"","format":"standard","meta":{"footnotes":""},"categories":[2],"tags":[172],"class_list":["post-31676","post","type-post","status-publish","format-standard","has-post-thumbnail","hentry","category-policial","tag-featured"],"amp_enabled":true,"_links":{"self":[{"href":"https:\/\/radiostudiow.com.br\/site\/wp-json\/wp\/v2\/posts\/31676","targetHints":{"allow":["GET"]}}],"collection":[{"href":"https:\/\/radiostudiow.com.br\/site\/wp-json\/wp\/v2\/posts"}],"about":[{"href":"https:\/\/radiostudiow.com.br\/site\/wp-json\/wp\/v2\/types\/post"}],"author":[{"embeddable":true,"href":"https:\/\/radiostudiow.com.br\/site\/wp-json\/wp\/v2\/users\/2"}],"replies":[{"embeddable":true,"href":"https:\/\/radiostudiow.com.br\/site\/wp-json\/wp\/v2\/comments?post=31676"}],"version-history":[{"count":1,"href":"https:\/\/radiostudiow.com.br\/site\/wp-json\/wp\/v2\/posts\/31676\/revisions"}],"predecessor-version":[{"id":31677,"href":"https:\/\/radiostudiow.com.br\/site\/wp-json\/wp\/v2\/posts\/31676\/revisions\/31677"}],"wp:featuredmedia":[{"embeddable":true,"href":"https:\/\/radiostudiow.com.br\/site\/wp-json\/wp\/v2\/media\/29243"}],"wp:attachment":[{"href":"https:\/\/radiostudiow.com.br\/site\/wp-json\/wp\/v2\/media?parent=31676"}],"wp:term":[{"taxonomy":"category","embeddable":true,"href":"https:\/\/radiostudiow.com.br\/site\/wp-json\/wp\/v2\/categories?post=31676"},{"taxonomy":"post_tag","embeddable":true,"href":"https:\/\/radiostudiow.com.br\/site\/wp-json\/wp\/v2\/tags?post=31676"}],"curies":[{"name":"wp","href":"https:\/\/api.w.org\/{rel}","templated":true}]}}