{"id":31678,"date":"2024-12-16T18:17:22","date_gmt":"2024-12-16T21:17:22","guid":{"rendered":"https:\/\/radiostudiow.com.br\/site\/?p=31678"},"modified":"2025-01-31T14:58:05","modified_gmt":"2025-01-31T17:58:05","slug":"acidente-na-br-476-movimenta-bombeiros-neste-domingo-15","status":"publish","type":"post","link":"https:\/\/radiostudiow.com.br\/site\/2024\/12\/16\/acidente-na-br-476-movimenta-bombeiros-neste-domingo-15\/","title":{"rendered":"Acidente na BR-476 movimenta bombeiros neste domingo (15)"},"content":{"rendered":"\n<p>Uma colis\u00e3o frontal entre dois ve\u00edculos foi registrada na BR-476 no KM 298 na regi\u00e3o do Potinga em S\u00e3o Mateus do Sul no final da tarde deste domingo (15).<\/p>\n\n\n\n<p>Informa\u00e7\u00f5es sobre o acidente ainda n\u00e3o foram divulgadas de maneira oficial pelo Corpo de Bombeiros e Samu.<\/p>\n\n\n\n<figure class=\"wp-block-image size-full\"><img loading=\"lazy\" decoding=\"async\" width=\"851\" height=\"315\" src=\"https:\/\/radiostudiow.com.br\/site\/wp-content\/uploads\/2024\/11\/image-102.png\" alt=\"\" class=\"wp-image-30741\" srcset=\"https:\/\/radiostudiow.com.br\/site\/wp-content\/uploads\/2024\/11\/image-102.png 851w, https:\/\/radiostudiow.com.br\/site\/wp-content\/uploads\/2024\/11\/image-102-300x111.png 300w, https:\/\/radiostudiow.com.br\/site\/wp-content\/uploads\/2024\/11\/image-102-768x284.png 768w\" sizes=\"auto, (max-width: 851px) 100vw, 851px\" \/><\/figure>\n\n\n\n<figure class=\"wp-block-video\"><video controls src=\"https:\/\/radiostudiow.com.br\/site\/wp-content\/uploads\/2024\/12\/WhatsApp-Video-2024-12-15-at-19.20.41-1.mp4\"><\/video><\/figure>\n","protected":false},"excerpt":{"rendered":"<p>Uma colis\u00e3o frontal entre dois ve\u00edculos foi registrada na BR-476 no KM 298 na regi\u00e3o do Potinga em S\u00e3o Mateus do Sul no final da tarde deste domingo (15). Informa\u00e7\u00f5es sobre o acidente ainda n\u00e3o foram divulgadas de maneira oficial pelo Corpo de Bombeiros e Samu.<\/p>\n","protected":false},"author":2,"featured_media":31697,"comment_status":"open","ping_status":"open","sticky":false,"template":"","format":"standard","meta":{"footnotes":""},"categories":[185],"tags":[172],"class_list":["post-31678","post","type-post","status-publish","format-standard","has-post-thumbnail","hentry","category-regional","tag-featured"],"amp_enabled":true,"_links":{"self":[{"href":"https:\/\/radiostudiow.com.br\/site\/wp-json\/wp\/v2\/posts\/31678","targetHints":{"allow":["GET"]}}],"collection":[{"href":"https:\/\/radiostudiow.com.br\/site\/wp-json\/wp\/v2\/posts"}],"about":[{"href":"https:\/\/radiostudiow.com.br\/site\/wp-json\/wp\/v2\/types\/post"}],"author":[{"embeddable":true,"href":"https:\/\/radiostudiow.com.br\/site\/wp-json\/wp\/v2\/users\/2"}],"replies":[{"embeddable":true,"href":"https:\/\/radiostudiow.com.br\/site\/wp-json\/wp\/v2\/comments?post=31678"}],"version-history":[{"count":2,"href":"https:\/\/radiostudiow.com.br\/site\/wp-json\/wp\/v2\/posts\/31678\/revisions"}],"predecessor-version":[{"id":31698,"href":"https:\/\/radiostudiow.com.br\/site\/wp-json\/wp\/v2\/posts\/31678\/revisions\/31698"}],"wp:featuredmedia":[{"embeddable":true,"href":"https:\/\/radiostudiow.com.br\/site\/wp-json\/wp\/v2\/media\/31697"}],"wp:attachment":[{"href":"https:\/\/radiostudiow.com.br\/site\/wp-json\/wp\/v2\/media?parent=31678"}],"wp:term":[{"taxonomy":"category","embeddable":true,"href":"https:\/\/radiostudiow.com.br\/site\/wp-json\/wp\/v2\/categories?post=31678"},{"taxonomy":"post_tag","embeddable":true,"href":"https:\/\/radiostudiow.com.br\/site\/wp-json\/wp\/v2\/tags?post=31678"}],"curies":[{"name":"wp","href":"https:\/\/api.w.org\/{rel}","templated":true}]}}