{"id":31684,"date":"2024-12-16T17:46:07","date_gmt":"2024-12-16T20:46:07","guid":{"rendered":"https:\/\/radiostudiow.com.br\/site\/?p=31684"},"modified":"2025-01-31T14:58:05","modified_gmt":"2025-01-31T17:58:05","slug":"corpo-de-jovem-que-estava-desaparecido-foi-localizado","status":"publish","type":"post","link":"https:\/\/radiostudiow.com.br\/site\/2024\/12\/16\/corpo-de-jovem-que-estava-desaparecido-foi-localizado\/","title":{"rendered":"Corpo de jovem que estava desaparecido foi localizado"},"content":{"rendered":"\n<p>Foi encontrado na tarde desde domingo, 15 de Dezembro, o corpo de\u00a0F\u00e1bio Henrique de Almeida,\u00a0de 23 anos, natural de General Carneiro que estava desaparecido desde o s\u00e1bado (07).<\/p>\n\n\n\n<figure class=\"wp-block-image size-full\"><img loading=\"lazy\" decoding=\"async\" width=\"897\" height=\"204\" src=\"https:\/\/radiostudiow.com.br\/site\/wp-content\/uploads\/2024\/04\/image-50.png\" alt=\"\" class=\"wp-image-21368\" srcset=\"https:\/\/radiostudiow.com.br\/site\/wp-content\/uploads\/2024\/04\/image-50.png 897w, https:\/\/radiostudiow.com.br\/site\/wp-content\/uploads\/2024\/04\/image-50-300x68.png 300w, https:\/\/radiostudiow.com.br\/site\/wp-content\/uploads\/2024\/04\/image-50-768x175.png 768w\" sizes=\"auto, (max-width: 897px) 100vw, 897px\" \/><\/figure>\n\n\n\n<p>O corpo foi encontrado na regi\u00e3o de Nova Conc\u00f3rida em Cruz Machado ap\u00f3s uma semana de buscas realizadas pelas equipes do Corpo de Bombeiros que foram mobilizadas ap\u00f3s a informa\u00e7\u00e3o de um rapaz que havia sido levado pelas \u00e1guas.<\/p>\n\n\n\n<p>A identifica\u00e7\u00e3o oficial ainda n\u00e3o foi divulgada, p\u00f3rem, familiares de F\u00e1bio o reconheceram pelas tatuagens.<\/p>\n\n\n\n<figure class=\"wp-block-image size-full\"><img loading=\"lazy\" decoding=\"async\" width=\"512\" height=\"280\" src=\"https:\/\/radiostudiow.com.br\/site\/wp-content\/uploads\/2024\/12\/image-71.png\" alt=\"\" class=\"wp-image-31686\" srcset=\"https:\/\/radiostudiow.com.br\/site\/wp-content\/uploads\/2024\/12\/image-71.png 512w, https:\/\/radiostudiow.com.br\/site\/wp-content\/uploads\/2024\/12\/image-71-300x164.png 300w\" sizes=\"auto, (max-width: 512px) 100vw, 512px\" \/><\/figure>\n","protected":false},"excerpt":{"rendered":"<p>Foi encontrado na tarde desde domingo, 15 de Dezembro, o corpo de\u00a0F\u00e1bio Henrique de Almeida,\u00a0de 23 anos, natural de General Carneiro que estava desaparecido desde o s\u00e1bado (07). O corpo foi encontrado na regi\u00e3o de Nova Conc\u00f3rida em Cruz Machado ap\u00f3s uma semana de buscas realizadas pelas equipes do Corpo de Bombeiros que foram mobilizadas [&hellip;]<\/p>\n","protected":false},"author":2,"featured_media":31685,"comment_status":"open","ping_status":"open","sticky":false,"template":"","format":"standard","meta":{"footnotes":""},"categories":[185],"tags":[172],"class_list":["post-31684","post","type-post","status-publish","format-standard","has-post-thumbnail","hentry","category-regional","tag-featured"],"amp_enabled":true,"_links":{"self":[{"href":"https:\/\/radiostudiow.com.br\/site\/wp-json\/wp\/v2\/posts\/31684","targetHints":{"allow":["GET"]}}],"collection":[{"href":"https:\/\/radiostudiow.com.br\/site\/wp-json\/wp\/v2\/posts"}],"about":[{"href":"https:\/\/radiostudiow.com.br\/site\/wp-json\/wp\/v2\/types\/post"}],"author":[{"embeddable":true,"href":"https:\/\/radiostudiow.com.br\/site\/wp-json\/wp\/v2\/users\/2"}],"replies":[{"embeddable":true,"href":"https:\/\/radiostudiow.com.br\/site\/wp-json\/wp\/v2\/comments?post=31684"}],"version-history":[{"count":2,"href":"https:\/\/radiostudiow.com.br\/site\/wp-json\/wp\/v2\/posts\/31684\/revisions"}],"predecessor-version":[{"id":31688,"href":"https:\/\/radiostudiow.com.br\/site\/wp-json\/wp\/v2\/posts\/31684\/revisions\/31688"}],"wp:featuredmedia":[{"embeddable":true,"href":"https:\/\/radiostudiow.com.br\/site\/wp-json\/wp\/v2\/media\/31685"}],"wp:attachment":[{"href":"https:\/\/radiostudiow.com.br\/site\/wp-json\/wp\/v2\/media?parent=31684"}],"wp:term":[{"taxonomy":"category","embeddable":true,"href":"https:\/\/radiostudiow.com.br\/site\/wp-json\/wp\/v2\/categories?post=31684"},{"taxonomy":"post_tag","embeddable":true,"href":"https:\/\/radiostudiow.com.br\/site\/wp-json\/wp\/v2\/tags?post=31684"}],"curies":[{"name":"wp","href":"https:\/\/api.w.org\/{rel}","templated":true}]}}