{"id":31689,"date":"2024-12-16T17:50:13","date_gmt":"2024-12-16T20:50:13","guid":{"rendered":"https:\/\/radiostudiow.com.br\/site\/?p=31689"},"modified":"2025-01-31T14:58:05","modified_gmt":"2025-01-31T17:58:05","slug":"homem-natural-de-porto-vitoria-morre-no-litoral-de-sc","status":"publish","type":"post","link":"https:\/\/radiostudiow.com.br\/site\/2024\/12\/16\/homem-natural-de-porto-vitoria-morre-no-litoral-de-sc\/","title":{"rendered":"Homem natural de Porto Vit\u00f3ria morre no litoral de SC"},"content":{"rendered":"\n<p>Um homem identificado como\u00a0Richard Sachs de 28 anos natural de Porto Vit\u00f3ria\u00a0morreu neste s\u00e1bado, 14 de Dezembro, em Santa Catarina.\u00a0<\/p>\n\n\n\n<p>Segundo informa\u00e7\u00f5es recebidas pela reportagem, Richard foi v\u00edtima de homic\u00eddio no munic\u00edpio de Itapo\u00e1.<\/p>\n\n\n\n<figure class=\"wp-block-image size-full\"><img loading=\"lazy\" decoding=\"async\" width=\"897\" height=\"204\" src=\"https:\/\/radiostudiow.com.br\/site\/wp-content\/uploads\/2024\/08\/TIJOLAO.png\" alt=\"\" class=\"wp-image-25951\" srcset=\"https:\/\/radiostudiow.com.br\/site\/wp-content\/uploads\/2024\/08\/TIJOLAO.png 897w, https:\/\/radiostudiow.com.br\/site\/wp-content\/uploads\/2024\/08\/TIJOLAO-300x68.png 300w, https:\/\/radiostudiow.com.br\/site\/wp-content\/uploads\/2024\/08\/TIJOLAO-768x175.png 768w\" sizes=\"auto, (max-width: 897px) 100vw, 897px\" \/><\/figure>\n","protected":false},"excerpt":{"rendered":"<p>Um homem identificado como\u00a0Richard Sachs de 28 anos natural de Porto Vit\u00f3ria\u00a0morreu neste s\u00e1bado, 14 de Dezembro, em Santa Catarina.\u00a0 Segundo informa\u00e7\u00f5es recebidas pela reportagem, Richard foi v\u00edtima de homic\u00eddio no munic\u00edpio de Itapo\u00e1.<\/p>\n","protected":false},"author":2,"featured_media":31690,"comment_status":"open","ping_status":"open","sticky":false,"template":"","format":"standard","meta":{"footnotes":""},"categories":[185],"tags":[172],"class_list":["post-31689","post","type-post","status-publish","format-standard","has-post-thumbnail","hentry","category-regional","tag-featured"],"amp_enabled":true,"_links":{"self":[{"href":"https:\/\/radiostudiow.com.br\/site\/wp-json\/wp\/v2\/posts\/31689","targetHints":{"allow":["GET"]}}],"collection":[{"href":"https:\/\/radiostudiow.com.br\/site\/wp-json\/wp\/v2\/posts"}],"about":[{"href":"https:\/\/radiostudiow.com.br\/site\/wp-json\/wp\/v2\/types\/post"}],"author":[{"embeddable":true,"href":"https:\/\/radiostudiow.com.br\/site\/wp-json\/wp\/v2\/users\/2"}],"replies":[{"embeddable":true,"href":"https:\/\/radiostudiow.com.br\/site\/wp-json\/wp\/v2\/comments?post=31689"}],"version-history":[{"count":1,"href":"https:\/\/radiostudiow.com.br\/site\/wp-json\/wp\/v2\/posts\/31689\/revisions"}],"predecessor-version":[{"id":31691,"href":"https:\/\/radiostudiow.com.br\/site\/wp-json\/wp\/v2\/posts\/31689\/revisions\/31691"}],"wp:featuredmedia":[{"embeddable":true,"href":"https:\/\/radiostudiow.com.br\/site\/wp-json\/wp\/v2\/media\/31690"}],"wp:attachment":[{"href":"https:\/\/radiostudiow.com.br\/site\/wp-json\/wp\/v2\/media?parent=31689"}],"wp:term":[{"taxonomy":"category","embeddable":true,"href":"https:\/\/radiostudiow.com.br\/site\/wp-json\/wp\/v2\/categories?post=31689"},{"taxonomy":"post_tag","embeddable":true,"href":"https:\/\/radiostudiow.com.br\/site\/wp-json\/wp\/v2\/tags?post=31689"}],"curies":[{"name":"wp","href":"https:\/\/api.w.org\/{rel}","templated":true}]}}