{"id":31692,"date":"2024-12-16T18:03:02","date_gmt":"2024-12-16T21:03:02","guid":{"rendered":"https:\/\/radiostudiow.com.br\/site\/?p=31692"},"modified":"2025-01-31T14:58:05","modified_gmt":"2025-01-31T17:58:05","slug":"medico-do-samu-desabafa-sobre-atendimento-em-acidente-na-br-476","status":"publish","type":"post","link":"https:\/\/radiostudiow.com.br\/site\/2024\/12\/16\/medico-do-samu-desabafa-sobre-atendimento-em-acidente-na-br-476\/","title":{"rendered":"M\u00e9dico do SAMU desabafa sobre atendimento em acidente na BR-476"},"content":{"rendered":"\n<p><strong>O m\u00e9dico Igor Breguez,<\/strong>&nbsp;integrante do Servi\u00e7o de Atendimento M\u00f3vel de Urg\u00eancia (SAMU), compartilhou em suas redes sociais um relato impactante sobre um acidente ocorrido na BR-476, no \u00faltimo dia 13 de dezembro.<\/p>\n\n\n\n<p><strong>A colis\u00e3o entre duas carretas mobilizou diversas equipes de resgate e evidenciou as dificuldades enfrentadas pelos profissionais de sa\u00fade no dia a dia dessa rodovia.<\/strong><\/p>\n\n\n\n<p>Em sua publica\u00e7\u00e3o,&nbsp;<em>o doutor Igor<\/em>&nbsp;detalhou o trabalho de atendimento no local do acidente, que envolveu a transfer\u00eancia de um paciente e a interven\u00e7\u00e3o direta em uma cena complexa.<\/p>\n\n\n\n<figure class=\"wp-block-image size-full\"><img loading=\"lazy\" decoding=\"async\" width=\"900\" height=\"408\" src=\"https:\/\/radiostudiow.com.br\/site\/wp-content\/uploads\/2024\/09\/image-64-1.png\" alt=\"\" class=\"wp-image-28207\" srcset=\"https:\/\/radiostudiow.com.br\/site\/wp-content\/uploads\/2024\/09\/image-64-1.png 900w, https:\/\/radiostudiow.com.br\/site\/wp-content\/uploads\/2024\/09\/image-64-1-300x136.png 300w, https:\/\/radiostudiow.com.br\/site\/wp-content\/uploads\/2024\/09\/image-64-1-768x348.png 768w\" sizes=\"auto, (max-width: 900px) 100vw, 900px\" \/><\/figure>\n\n\n\n<h3 class=\"wp-block-heading\"><strong>Atendimento em Meio ao Caos<\/strong><\/h3>\n\n\n\n<p>O m\u00e9dico relatou que o dia da equipe come\u00e7ou com o deslocamento para a transfer\u00eancia de um paciente para Curitiba. No meio do trajeto, eles se depararam com o acidente entre as carretas. O local estava congestionado, mas ainda era poss\u00edvel a passagem da ambul\u00e2ncia.&nbsp;<strong>A equipe precisou transferir o paciente que estava em atendimento para outra ambul\u00e2ncia no pr\u00f3prio cen\u00e1rio do acidente, para ent\u00e3o assumir a emerg\u00eancia local.<\/strong><\/p>\n\n\n\n<p><em>\u201cA cena era de uma pancada forte\u201d,<\/em>&nbsp;descreveu o m\u00e9dico.<\/p>\n\n\n\n<p>Uma das carretas transportava toras de madeira. O impacto deixou ambas as cabines completamente destru\u00eddas, sendo necess\u00e1rio o uso de equipamentos de desencarceramento pelos Bombeiros Militares de S\u00e3o Mateus do Sul.<\/p>\n\n\n\n<figure class=\"wp-block-image size-full\"><img loading=\"lazy\" decoding=\"async\" width=\"300\" height=\"180\" src=\"https:\/\/radiostudiow.com.br\/site\/wp-content\/uploads\/2024\/04\/SITE-PEQUENO-1.png\" alt=\"\" class=\"wp-image-21868\"\/><\/figure>\n\n\n\n<h3 class=\"wp-block-heading\"><strong>Desafios no Local<\/strong><\/h3>\n\n\n\n<p>Dr. Igor enfatizou as dificuldades enfrentadas pela equipe de resgate, agravadas pela presen\u00e7a de curiosos que dificultavam o trabalho.&nbsp;<em>\u201cMesmo voc\u00ea estando fardado e sendo uma autoridade no local, as pessoas ultrapassavam as linhas de isolamento\u201d,<\/em>&nbsp;lamentou.<\/p>\n\n\n\n<p>A chegada da Pol\u00edcia Rodovi\u00e1ria Federal (PRF) demorou devido a falhas na comunica\u00e7\u00e3o, o que exigiu que a equipe do SAMU e os bombeiros assumissem o controle da cena.<\/p>\n\n\n\n<p><strong>A complexidade do resgate foi extrema. Uma das cabines estava a poucos cent\u00edmetros de cair no rio, sendo sustentada apenas por uma \u00e1rvore e correntes de resgate.<\/strong>&nbsp;Al\u00e9m disso, o motorista mais gravemente ferido estava encarcerado, com membros presos.<\/p>\n\n\n\n<p><em>\u201cQuando cheguei, ele estava l\u00facido, mas muito cansado. A posi\u00e7\u00e3o desconfort\u00e1vel e a demora no resgate poderiam agravar seu quadro\u201d<\/em>, contou Igor.&nbsp;<strong>Durante o atendimento, a equipe realizou acesso venoso e estabiliza\u00e7\u00e3o do paciente, mesmo diante do risco iminente de a cabine desabar.<\/strong><\/p>\n\n\n\n<p>Dr. Igor destacou a coopera\u00e7\u00e3o entre o SAMU e os bombeiros como essencial para o sucesso do resgate. Ap\u00f3s o desencarceramento do paciente, foi realizado um esfor\u00e7o coletivo para remov\u00ea-lo em seguran\u00e7a por um barranco \u00edngreme.<\/p>\n\n\n\n<figure class=\"wp-block-image size-full\"><img loading=\"lazy\" decoding=\"async\" width=\"598\" height=\"204\" src=\"https:\/\/radiostudiow.com.br\/site\/wp-content\/uploads\/2024\/04\/image-23.png\" alt=\"\" class=\"wp-image-21221\" srcset=\"https:\/\/radiostudiow.com.br\/site\/wp-content\/uploads\/2024\/04\/image-23.png 598w, https:\/\/radiostudiow.com.br\/site\/wp-content\/uploads\/2024\/04\/image-23-300x102.png 300w\" sizes=\"auto, (max-width: 598px) 100vw, 598px\" \/><\/figure>\n\n\n\n<p>\u201c<em>Chamei a aten\u00e7\u00e3o de todos para coordenar os movimentos. Foi um trabalho impec\u00e1vel, e conseguimos levar o paciente at\u00e9 a parte superior sem falhas. Ao final, todos comemoraram e se cumprimentaram, um momento de muito respeito e realiza\u00e7\u00e3o\u201d<\/em>, relatou.<\/p>\n\n\n\n<p>Apesar dos perigos e desafios, o m\u00e9dico reafirmou sua paix\u00e3o pelo trabalho.<\/p>\n\n\n\n<p><em>\u201cSou fascinado pelo SAMU. Cada dia \u00e9 um aprendizado e uma supera\u00e7\u00e3o\u201d,<\/em>&nbsp;finalizou.<\/p>\n\n\n\n<p>Al\u00e9m do relato do acidente, o m\u00e9dico fez um desabafo sobre as dificuldades enfrentadas diariamente na BR-476.<\/p>\n\n\n\n<p>A rodovia, frequentemente utilizada pelas equipes do SAMU, \u00e9 palco de in\u00fameros acidentes graves, exigindo aten\u00e7\u00e3o redobrada dos profissionais de resgate. Ele chamou a aten\u00e7\u00e3o para a necessidade de maior conscientiza\u00e7\u00e3o dos motoristas e refor\u00e7o na seguran\u00e7a e infraestrutura da via.<\/p>\n\n\n\n<p><strong><em>Confira o v\u00eddeo:<\/em><\/strong><\/p>\n\n\n\n<figure class=\"wp-block-video\"><video height=\"1024\" style=\"aspect-ratio: 576 \/ 1024;\" width=\"576\" controls src=\"https:\/\/radiostudiow.com.br\/site\/wp-content\/uploads\/2024\/12\/Snapinsta.app_video_AQNd2GWRABMRs3b0ll_fo45rLGuF5ldKnlNuEHh5tO_W0-n3Trw2vsuq-TZEFwX1YEgfba1nlUJQTTRcUZtBuCp45PAKnDspBijLFQc.mp4\"><\/video><\/figure>\n","protected":false},"excerpt":{"rendered":"<p>O m\u00e9dico Igor Breguez,&nbsp;integrante do Servi\u00e7o de Atendimento M\u00f3vel de Urg\u00eancia (SAMU), compartilhou em suas redes sociais um relato impactante sobre um acidente ocorrido na BR-476, no \u00faltimo dia 13 de dezembro. A colis\u00e3o entre duas carretas mobilizou diversas equipes de resgate e evidenciou as dificuldades enfrentadas pelos profissionais de sa\u00fade no dia a dia [&hellip;]<\/p>\n","protected":false},"author":2,"featured_media":31694,"comment_status":"open","ping_status":"open","sticky":false,"template":"","format":"standard","meta":{"footnotes":""},"categories":[185],"tags":[172],"class_list":["post-31692","post","type-post","status-publish","format-standard","has-post-thumbnail","hentry","category-regional","tag-featured"],"amp_enabled":true,"_links":{"self":[{"href":"https:\/\/radiostudiow.com.br\/site\/wp-json\/wp\/v2\/posts\/31692","targetHints":{"allow":["GET"]}}],"collection":[{"href":"https:\/\/radiostudiow.com.br\/site\/wp-json\/wp\/v2\/posts"}],"about":[{"href":"https:\/\/radiostudiow.com.br\/site\/wp-json\/wp\/v2\/types\/post"}],"author":[{"embeddable":true,"href":"https:\/\/radiostudiow.com.br\/site\/wp-json\/wp\/v2\/users\/2"}],"replies":[{"embeddable":true,"href":"https:\/\/radiostudiow.com.br\/site\/wp-json\/wp\/v2\/comments?post=31692"}],"version-history":[{"count":1,"href":"https:\/\/radiostudiow.com.br\/site\/wp-json\/wp\/v2\/posts\/31692\/revisions"}],"predecessor-version":[{"id":31695,"href":"https:\/\/radiostudiow.com.br\/site\/wp-json\/wp\/v2\/posts\/31692\/revisions\/31695"}],"wp:featuredmedia":[{"embeddable":true,"href":"https:\/\/radiostudiow.com.br\/site\/wp-json\/wp\/v2\/media\/31694"}],"wp:attachment":[{"href":"https:\/\/radiostudiow.com.br\/site\/wp-json\/wp\/v2\/media?parent=31692"}],"wp:term":[{"taxonomy":"category","embeddable":true,"href":"https:\/\/radiostudiow.com.br\/site\/wp-json\/wp\/v2\/categories?post=31692"},{"taxonomy":"post_tag","embeddable":true,"href":"https:\/\/radiostudiow.com.br\/site\/wp-json\/wp\/v2\/tags?post=31692"}],"curies":[{"name":"wp","href":"https:\/\/api.w.org\/{rel}","templated":true}]}}