{"id":31715,"date":"2024-12-17T09:32:29","date_gmt":"2024-12-17T12:32:29","guid":{"rendered":"https:\/\/radiostudiow.com.br\/site\/?p=31715"},"modified":"2025-01-31T14:58:05","modified_gmt":"2025-01-31T17:58:05","slug":"pai-e-preso-e-filho-apreendido-apos-envolvimento-em-homicidio-ocorrido-em-outubro-em-reboucas","status":"publish","type":"post","link":"https:\/\/radiostudiow.com.br\/site\/2024\/12\/17\/pai-e-preso-e-filho-apreendido-apos-envolvimento-em-homicidio-ocorrido-em-outubro-em-reboucas\/","title":{"rendered":"Pai \u00e9 preso e filho apreendido ap\u00f3s envolvimento em homic\u00eddio ocorrido em outubro em Rebou\u00e7as"},"content":{"rendered":"\n<p>Na manh\u00e3 desta segunda-feira (16-12), a Pol\u00edcia Civil de Rebou\u00e7as, em uma a\u00e7\u00e3o coordenada com policiais civis de Irati, prendeu G.S., 43 anos, indiciado e denunciado pelo crime de homic\u00eddio qualificado. Na mesma oportunidade, foi dado cumprimento ao mandado de interna\u00e7\u00e3o do adolescente E.M.S., 16 anos de idade, envolvido no homic\u00eddio.<\/p>\n\n\n\n<figure class=\"wp-block-image size-full\"><img loading=\"lazy\" decoding=\"async\" width=\"900\" height=\"408\" src=\"https:\/\/radiostudiow.com.br\/site\/wp-content\/uploads\/2024\/09\/image-64-1.png\" alt=\"\" class=\"wp-image-28207\" srcset=\"https:\/\/radiostudiow.com.br\/site\/wp-content\/uploads\/2024\/09\/image-64-1.png 900w, https:\/\/radiostudiow.com.br\/site\/wp-content\/uploads\/2024\/09\/image-64-1-300x136.png 300w, https:\/\/radiostudiow.com.br\/site\/wp-content\/uploads\/2024\/09\/image-64-1-768x348.png 768w\" sizes=\"auto, (max-width: 900px) 100vw, 900px\" \/><\/figure>\n\n\n\n<p>&nbsp;De acordo com as investiga\u00e7\u00f5es, os autores teriam abordado a v\u00edtima J.N.A. em via p\u00fablica, iniciado agress\u00f5es f\u00edsicas e desferido um golpe de faca pelas costas da v\u00edtima, que morreu no local.<\/p>\n\n\n\n<p>&nbsp;Conforme apurado, o crime foi motivado pela vingan\u00e7a, pois supostamente, a v\u00edtima J.N.A. teria tentado violar a dignidade sexual da crian\u00e7a de 6 anos de idade, filho de G.S. e irm\u00e3o de E.M.S..<\/p>\n\n\n\n<p>&nbsp;Ap\u00f3s a pris\u00e3o, G.S. foi encaminhado ao complexo prisional em Irati, onde ficar\u00e1 \u00e0 disposi\u00e7\u00e3o da Justi\u00e7a. Por sua vez, o menor E.M.S. foi encaminhado ao CENSE em Ponta Grossa. A Pol\u00edcia Civil refor\u00e7a seu compromisso em combater a viol\u00eancia e proteger a popula\u00e7\u00e3o, buscando a resolu\u00e7\u00e3o de casos que geram temor na comunidade.<\/p>\n","protected":false},"excerpt":{"rendered":"<p>Na manh\u00e3 desta segunda-feira (16-12), a Pol\u00edcia Civil de Rebou\u00e7as, em uma a\u00e7\u00e3o coordenada com policiais civis de Irati, prendeu G.S., 43 anos, indiciado e denunciado pelo crime de homic\u00eddio qualificado. Na mesma oportunidade, foi dado cumprimento ao mandado de interna\u00e7\u00e3o do adolescente E.M.S., 16 anos de idade, envolvido no homic\u00eddio. &nbsp;De acordo com as [&hellip;]<\/p>\n","protected":false},"author":2,"featured_media":25875,"comment_status":"open","ping_status":"open","sticky":false,"template":"","format":"standard","meta":{"footnotes":""},"categories":[2],"tags":[172],"class_list":["post-31715","post","type-post","status-publish","format-standard","has-post-thumbnail","hentry","category-policial","tag-featured"],"amp_enabled":true,"_links":{"self":[{"href":"https:\/\/radiostudiow.com.br\/site\/wp-json\/wp\/v2\/posts\/31715","targetHints":{"allow":["GET"]}}],"collection":[{"href":"https:\/\/radiostudiow.com.br\/site\/wp-json\/wp\/v2\/posts"}],"about":[{"href":"https:\/\/radiostudiow.com.br\/site\/wp-json\/wp\/v2\/types\/post"}],"author":[{"embeddable":true,"href":"https:\/\/radiostudiow.com.br\/site\/wp-json\/wp\/v2\/users\/2"}],"replies":[{"embeddable":true,"href":"https:\/\/radiostudiow.com.br\/site\/wp-json\/wp\/v2\/comments?post=31715"}],"version-history":[{"count":1,"href":"https:\/\/radiostudiow.com.br\/site\/wp-json\/wp\/v2\/posts\/31715\/revisions"}],"predecessor-version":[{"id":31716,"href":"https:\/\/radiostudiow.com.br\/site\/wp-json\/wp\/v2\/posts\/31715\/revisions\/31716"}],"wp:featuredmedia":[{"embeddable":true,"href":"https:\/\/radiostudiow.com.br\/site\/wp-json\/wp\/v2\/media\/25875"}],"wp:attachment":[{"href":"https:\/\/radiostudiow.com.br\/site\/wp-json\/wp\/v2\/media?parent=31715"}],"wp:term":[{"taxonomy":"category","embeddable":true,"href":"https:\/\/radiostudiow.com.br\/site\/wp-json\/wp\/v2\/categories?post=31715"},{"taxonomy":"post_tag","embeddable":true,"href":"https:\/\/radiostudiow.com.br\/site\/wp-json\/wp\/v2\/tags?post=31715"}],"curies":[{"name":"wp","href":"https:\/\/api.w.org\/{rel}","templated":true}]}}