{"id":31719,"date":"2024-12-17T10:04:24","date_gmt":"2024-12-17T13:04:24","guid":{"rendered":"https:\/\/radiostudiow.com.br\/site\/?p=31719"},"modified":"2025-01-31T14:58:05","modified_gmt":"2025-01-31T17:58:05","slug":"concurso-dos-correios-gabarito-preliminar-e-liberado-ate-as-17-horas-desta-terca-feira-17","status":"publish","type":"post","link":"https:\/\/radiostudiow.com.br\/site\/2024\/12\/17\/concurso-dos-correios-gabarito-preliminar-e-liberado-ate-as-17-horas-desta-terca-feira-17\/","title":{"rendered":"Concurso dos Correios: gabarito preliminar \u00e9 liberado. Prazo para entrar com recursos termina \u00e0s 17 horas nesta ter\u00e7a-feira (17)"},"content":{"rendered":"\n<p>O gabarito preliminar do concurso nacional dos Correios j\u00e1 est\u00e1 dispon\u00edvel para consulta. As provas foram aplicadas nesse domingo (15)\u00a0em todos os estados e no Distrito Federal, e o prazo para entrar com recursos termina as 17h de hoje, te\u00e7a-feira (17), pelo\u00a0<em>site<\/em>\u00a0do<a href=\"https:\/\/concursos.ibfc.org.br\/informacoes\/470\/\" target=\"_blank\" rel=\"noreferrer noopener\">\u00a0Instituto Brasileiro de Forma\u00e7\u00e3o e Capacita\u00e7\u00e3o<\/a>\u00a0(IBFC), organizador do concurso.<img decoding=\"async\" src=\"https:\/\/agenciabrasil.ebc.com.br\/ebc.png?id=1623878&amp;o=node\"><img decoding=\"async\" src=\"https:\/\/agenciabrasil.ebc.com.br\/ebc.gif?id=1623878&amp;o=node\"><\/p>\n\n\n\n<figure class=\"wp-block-image size-full\"><img decoding=\"async\" src=\"https:\/\/radiostudiow.com.br\/site\/wp-content\/uploads\/2024\/12\/BISTRO.png\" alt=\"\" class=\"wp-image-31336\"\/><\/figure>\n\n\n\n<p>As demais datas de resultados ainda n\u00e3o foram divulgadas. Os candidatos devem acompanhar as informa\u00e7\u00f5es pelos<em>&nbsp;sites<\/em>&nbsp;do IBFC e dos&nbsp;<a href=\"https:\/\/prosel.correios.com.br\/concursos\" target=\"_blank\" rel=\"noreferrer noopener\">Correios<\/a>.<\/p>\n\n\n\n<p>Pouco mais de 1 milh\u00e3o de candidatos compareceram para&nbsp;<a href=\"https:\/\/agenciabrasil.ebc.com.br\/geral\/noticia\/2024-12\/correios-divulgam-locais-de-prova-de-concurso-no-domingo\" target=\"_blank\" rel=\"noreferrer noopener\">fazer&nbsp;a prova<\/a>, 59,85% do total de inscritos.<\/p>\n\n\n\n<p>Com editais abertos em outubro, os Correios ofereceram 3.511 vagas, sendo 3.099 para n\u00edvel m\u00e9dio, para o cargo de carteiro, e 412 para n\u00edvel superior, com reserva de 30% para pessoas negras (pretas e pardas) e ind\u00edgenas, quantitativo superior ao estabelecido pela legisla\u00e7\u00e3o (20%), e 10% para pessoas com defici\u00eancia.<\/p>\n\n\n\n<p>As especialidades de n\u00edvel superior s\u00e3o: advogado, analista de sistemas, arquiteto, arquivista, assistente social e engenheiro. O sal\u00e1rio inicial \u00e9 de R$ 6.872,48, mas para engenheiros e arquitetos, as remunera\u00e7\u00f5es ser\u00e3o ajustadas para atender ao piso legal das categorias, atualmente em R$ 10.302.<\/p>\n\n\n\n<p>O sal\u00e1rio inicial dos aprovados para as vagas de carteiro ser\u00e1 de R$ 2.429,26.<\/p>\n\n\n\n<figure class=\"wp-block-image size-full\"><img loading=\"lazy\" decoding=\"async\" width=\"598\" height=\"204\" src=\"https:\/\/radiostudiow.com.br\/site\/wp-content\/uploads\/2024\/04\/image-29.png\" alt=\"\" class=\"wp-image-21283\" srcset=\"https:\/\/radiostudiow.com.br\/site\/wp-content\/uploads\/2024\/04\/image-29.png 598w, https:\/\/radiostudiow.com.br\/site\/wp-content\/uploads\/2024\/04\/image-29-300x102.png 300w\" sizes=\"auto, (max-width: 598px) 100vw, 598px\" \/><\/figure>\n\n\n\n<p>As provas para os cargos de n\u00edvel superior e m\u00e9dio tiveram 50 quest\u00f5es objetivas de l\u00edngua portuguesa; matem\u00e1tica; no\u00e7\u00f5es de inform\u00e1tica; c\u00f3digo de conduta \u00e9tica e integridade; e conhecimentos espec\u00edficos. Para os analistas tamb\u00e9m foi aplicada a prova de reda\u00e7\u00e3o.<\/p>\n\n\n\n<p>Somente ser\u00e3o corrigidas as provas discursivas dos candidatos que foram habilitados na prova objetiva e que estejam classificados dentro do limite de at\u00e9 tr\u00eas vezes o n\u00famero de vagas, que considera a ampla concorr\u00eancia, vagas para candidatos negros\/ind\u00edgenas e pessoas com defici\u00eancia, por cargo\/especialidade\/localidade.<\/p>\n\n\n\n<p><em>Fonte: Agencia Brasil<\/em><\/p>\n","protected":false},"excerpt":{"rendered":"<p>O gabarito preliminar do concurso nacional dos Correios j\u00e1 est\u00e1 dispon\u00edvel para consulta. As provas foram aplicadas nesse domingo (15)\u00a0em todos os estados e no Distrito Federal, e o prazo para entrar com recursos termina as 17h de hoje, te\u00e7a-feira (17), pelo\u00a0site\u00a0do\u00a0Instituto Brasileiro de Forma\u00e7\u00e3o e Capacita\u00e7\u00e3o\u00a0(IBFC), organizador do concurso. As demais datas de resultados [&hellip;]<\/p>\n","protected":false},"author":2,"featured_media":31720,"comment_status":"open","ping_status":"open","sticky":false,"template":"","format":"standard","meta":{"footnotes":""},"categories":[7],"tags":[172],"class_list":["post-31719","post","type-post","status-publish","format-standard","has-post-thumbnail","hentry","category-geral","tag-featured"],"amp_enabled":true,"_links":{"self":[{"href":"https:\/\/radiostudiow.com.br\/site\/wp-json\/wp\/v2\/posts\/31719","targetHints":{"allow":["GET"]}}],"collection":[{"href":"https:\/\/radiostudiow.com.br\/site\/wp-json\/wp\/v2\/posts"}],"about":[{"href":"https:\/\/radiostudiow.com.br\/site\/wp-json\/wp\/v2\/types\/post"}],"author":[{"embeddable":true,"href":"https:\/\/radiostudiow.com.br\/site\/wp-json\/wp\/v2\/users\/2"}],"replies":[{"embeddable":true,"href":"https:\/\/radiostudiow.com.br\/site\/wp-json\/wp\/v2\/comments?post=31719"}],"version-history":[{"count":2,"href":"https:\/\/radiostudiow.com.br\/site\/wp-json\/wp\/v2\/posts\/31719\/revisions"}],"predecessor-version":[{"id":31722,"href":"https:\/\/radiostudiow.com.br\/site\/wp-json\/wp\/v2\/posts\/31719\/revisions\/31722"}],"wp:featuredmedia":[{"embeddable":true,"href":"https:\/\/radiostudiow.com.br\/site\/wp-json\/wp\/v2\/media\/31720"}],"wp:attachment":[{"href":"https:\/\/radiostudiow.com.br\/site\/wp-json\/wp\/v2\/media?parent=31719"}],"wp:term":[{"taxonomy":"category","embeddable":true,"href":"https:\/\/radiostudiow.com.br\/site\/wp-json\/wp\/v2\/categories?post=31719"},{"taxonomy":"post_tag","embeddable":true,"href":"https:\/\/radiostudiow.com.br\/site\/wp-json\/wp\/v2\/tags?post=31719"}],"curies":[{"name":"wp","href":"https:\/\/api.w.org\/{rel}","templated":true}]}}