{"id":31724,"date":"2024-12-17T10:07:29","date_gmt":"2024-12-17T13:07:29","guid":{"rendered":"https:\/\/radiostudiow.com.br\/site\/?p=31724"},"modified":"2025-01-31T14:58:05","modified_gmt":"2025-01-31T17:58:05","slug":"homem-e-preso-em-flagrante-por-violencia-domestica-em-uniao-da-vitoria","status":"publish","type":"post","link":"https:\/\/radiostudiow.com.br\/site\/2024\/12\/17\/homem-e-preso-em-flagrante-por-violencia-domestica-em-uniao-da-vitoria\/","title":{"rendered":"Homem \u00e9 preso em flagrante por viol\u00eancia dom\u00e9stica em Uni\u00e3o da Vit\u00f3ria"},"content":{"rendered":"\n<p>A equipe da Pol\u00edcia Militar de Uni\u00e3o da Vit\u00f3ria registrou um boletim de viol\u00eancia dom\u00e9stica durante a noite desse domingo, 15 de dezembro, no bairro S\u00e3o Gabriel.<\/p>\n\n\n\n<figure class=\"wp-block-image size-full\"><img loading=\"lazy\" decoding=\"async\" width=\"897\" height=\"204\" src=\"https:\/\/radiostudiow.com.br\/site\/wp-content\/uploads\/2024\/11\/image-49.png\" alt=\"\" class=\"wp-image-30017\" srcset=\"https:\/\/radiostudiow.com.br\/site\/wp-content\/uploads\/2024\/11\/image-49.png 897w, https:\/\/radiostudiow.com.br\/site\/wp-content\/uploads\/2024\/11\/image-49-300x68.png 300w, https:\/\/radiostudiow.com.br\/site\/wp-content\/uploads\/2024\/11\/image-49-768x175.png 768w\" sizes=\"auto, (max-width: 897px) 100vw, 897px\" \/><\/figure>\n\n\n\n<p>A v\u00edtima passou a relatar que foi agredida pelo marido com um soco e no local a equipe constatou les\u00f5es aparentes em sua face.  O autor se encontrava no local e perante a situa\u00e7\u00e3o de flagrante, a equipe policial deu voz de pris\u00e3o.<\/p>\n\n\n\n<p>A v\u00edtima e o autor foram encaminhadas primeiramente para a UPA para atendimento m\u00e9dico e posteriormente para a Delegacia de Pol\u00edcia Civil para as provid\u00eancias de pol\u00edcia judici\u00e1ria quanto ao caso de viol\u00eancia dom\u00e9stica.<\/p>\n","protected":false},"excerpt":{"rendered":"<p>A equipe da Pol\u00edcia Militar de Uni\u00e3o da Vit\u00f3ria registrou um boletim de viol\u00eancia dom\u00e9stica durante a noite desse domingo, 15 de dezembro, no bairro S\u00e3o Gabriel. A v\u00edtima passou a relatar que foi agredida pelo marido com um soco e no local a equipe constatou les\u00f5es aparentes em sua face. O autor se encontrava [&hellip;]<\/p>\n","protected":false},"author":2,"featured_media":30530,"comment_status":"open","ping_status":"open","sticky":false,"template":"","format":"standard","meta":{"footnotes":""},"categories":[2],"tags":[172],"class_list":["post-31724","post","type-post","status-publish","format-standard","has-post-thumbnail","hentry","category-policial","tag-featured"],"amp_enabled":true,"_links":{"self":[{"href":"https:\/\/radiostudiow.com.br\/site\/wp-json\/wp\/v2\/posts\/31724","targetHints":{"allow":["GET"]}}],"collection":[{"href":"https:\/\/radiostudiow.com.br\/site\/wp-json\/wp\/v2\/posts"}],"about":[{"href":"https:\/\/radiostudiow.com.br\/site\/wp-json\/wp\/v2\/types\/post"}],"author":[{"embeddable":true,"href":"https:\/\/radiostudiow.com.br\/site\/wp-json\/wp\/v2\/users\/2"}],"replies":[{"embeddable":true,"href":"https:\/\/radiostudiow.com.br\/site\/wp-json\/wp\/v2\/comments?post=31724"}],"version-history":[{"count":1,"href":"https:\/\/radiostudiow.com.br\/site\/wp-json\/wp\/v2\/posts\/31724\/revisions"}],"predecessor-version":[{"id":31726,"href":"https:\/\/radiostudiow.com.br\/site\/wp-json\/wp\/v2\/posts\/31724\/revisions\/31726"}],"wp:featuredmedia":[{"embeddable":true,"href":"https:\/\/radiostudiow.com.br\/site\/wp-json\/wp\/v2\/media\/30530"}],"wp:attachment":[{"href":"https:\/\/radiostudiow.com.br\/site\/wp-json\/wp\/v2\/media?parent=31724"}],"wp:term":[{"taxonomy":"category","embeddable":true,"href":"https:\/\/radiostudiow.com.br\/site\/wp-json\/wp\/v2\/categories?post=31724"},{"taxonomy":"post_tag","embeddable":true,"href":"https:\/\/radiostudiow.com.br\/site\/wp-json\/wp\/v2\/tags?post=31724"}],"curies":[{"name":"wp","href":"https:\/\/api.w.org\/{rel}","templated":true}]}}