{"id":31738,"date":"2024-12-17T16:47:35","date_gmt":"2024-12-17T19:47:35","guid":{"rendered":"https:\/\/radiostudiow.com.br\/site\/?p=31738"},"modified":"2025-01-31T14:58:05","modified_gmt":"2025-01-31T17:58:05","slug":"policia-civil-e-militar-deflagram-operacao-contra-o-trafico-de-drogas-em-rio-azul-reboucas-e-mallet","status":"publish","type":"post","link":"https:\/\/radiostudiow.com.br\/site\/2024\/12\/17\/policia-civil-e-militar-deflagram-operacao-contra-o-trafico-de-drogas-em-rio-azul-reboucas-e-mallet\/","title":{"rendered":"POL\u00cdCIA CIVIL E MILITAR DEFLAGRAM OPERA\u00c7\u00c3O CONTRA O TR\u00c1FICO DE DROGAS EM RIO AZUL, REBOU\u00c7AS E MALLET"},"content":{"rendered":"\n<p><strong><em>For\u00e7a-tarefa resultou em quatro pris\u00f5es e apreens\u00e3o de drogas, armas e celulares<\/em><\/strong><\/p>\n\n\n\n<p>Na manh\u00e3 desta ter\u00e7a-feira (17), uma opera\u00e7\u00e3o conjunta entre a Pol\u00edcia Civil e a Pol\u00edcia Militar foi deflagrada nas cidades de Mallet e Rio Azul, no Paran\u00e1. Denominada \u201cAl\u00e9m do Rio Azul\u201d, a a\u00e7\u00e3o \u00e9 fruto de uma investiga\u00e7\u00e3o coordenada pela Delegacia de Pol\u00edcia de Rebou\u00e7as e pela Ag\u00eancia de <a><\/a>Intelig\u00eancia da 8\u00aa Companhia Independente da Pol\u00edcia Militar (8\u00aa CIPM).<\/p>\n\n\n\n<figure class=\"wp-block-image size-full\"><img loading=\"lazy\" decoding=\"async\" width=\"897\" height=\"204\" src=\"https:\/\/radiostudiow.com.br\/site\/wp-content\/uploads\/2024\/04\/image-38.png\" alt=\"\" class=\"wp-image-21308\" srcset=\"https:\/\/radiostudiow.com.br\/site\/wp-content\/uploads\/2024\/04\/image-38.png 897w, https:\/\/radiostudiow.com.br\/site\/wp-content\/uploads\/2024\/04\/image-38-300x68.png 300w, https:\/\/radiostudiow.com.br\/site\/wp-content\/uploads\/2024\/04\/image-38-768x175.png 768w\" sizes=\"auto, (max-width: 897px) 100vw, 897px\" \/><\/figure>\n\n\n\n<p>O objetivo foi desmantelar uma organiza\u00e7\u00e3o criminosa envolvida no tr\u00e1fico de drogas na regi\u00e3o.<\/p>\n\n\n\n<p>Foram cumpridos 20 mandados de busca e apreens\u00e3o e 1 mandado de pris\u00e3o tempor\u00e1ria. Ao todo, cerca de 90 policiais civis e militares participaram da opera\u00e7\u00e3o, que resultou em quatro pris\u00f5es. Durante as buscas, foram apreendidos uma arma de fogo, muni\u00e7\u00f5es, entorpecentes, balan\u00e7as de precis\u00e3o e aparelhos celulares pertencentes aos suspeitos.<\/p>\n\n\n\n<p>De acordo com as investiga\u00e7\u00f5es, a quadrilha era composta por cerca de 13 pessoas e era liderada por um indiv\u00edduo com diversas passagens pela pol\u00edcia. O grupo controlava o tr\u00e1fico de drogas em Rio Azul e abastecia as cidades de Mallet e Rebou\u00e7as.<\/p>\n\n\n\n<figure class=\"wp-block-image size-full\"><img loading=\"lazy\" decoding=\"async\" width=\"900\" height=\"408\" src=\"https:\/\/radiostudiow.com.br\/site\/wp-content\/uploads\/2024\/09\/image-64-1.png\" alt=\"\" class=\"wp-image-28207\" srcset=\"https:\/\/radiostudiow.com.br\/site\/wp-content\/uploads\/2024\/09\/image-64-1.png 900w, https:\/\/radiostudiow.com.br\/site\/wp-content\/uploads\/2024\/09\/image-64-1-300x136.png 300w, https:\/\/radiostudiow.com.br\/site\/wp-content\/uploads\/2024\/09\/image-64-1-768x348.png 768w\" sizes=\"auto, (max-width: 900px) 100vw, 900px\" \/><\/figure>\n\n\n\n<p>Com o material apreendido, as autoridades pretendem aprofundar as investiga\u00e7\u00f5es. &#8220;A an\u00e1lise dos celulares ser\u00e1 fundamental para identificar outros envolvidos e mapear as opera\u00e7\u00f5es do grupo&#8221;, afirmou uma fonte ligada \u00e0 investiga\u00e7\u00e3o. Al\u00e9m disso, os suspeitos ser\u00e3o interrogados para obter mais informa\u00e7\u00f5es sobre a atua\u00e7\u00e3o da quadrilha.<\/p>\n\n\n\n<p>A opera\u00e7\u00e3o \u201cAl\u00e9m do Rio Azul\u201d refor\u00e7a o combate ao tr\u00e1fico de drogas na regi\u00e3o e representa um importante golpe contra o crime organizado. As autoridades destacam que novas fases da opera\u00e7\u00e3o podem ser deflagradas conforme o avan\u00e7o das apura\u00e7\u00f5es.<\/p>\n\n\n\n<div class=\"wp-block-media-text is-stacked-on-mobile\"><figure class=\"wp-block-media-text__media\"><img decoding=\"async\" src=\"https:\/\/radiostudiow.com.br\/site\/wp-content\/uploads\/2024\/12\/image-78-1024x1024.png\" alt=\"\" class=\"wp-image-31743 size-full\"\/><\/figure><div class=\"wp-block-media-text__content\">\n<h2 class=\"wp-block-heading\"><img loading=\"lazy\" decoding=\"async\" height=\"16\" width=\"16\" src=\"https:\/\/static.xx.fbcdn.net\/images\/emoji.php\/v9\/t34\/1\/16\/23f0.png\" alt=\"\u23f0\"> Irati:<\/h2>\n\n\n\n<h2 class=\"wp-block-heading\">16\/12 a 20\/12 &#8211; 8h30 \u00e0s 12h; 13h \u00e0s 21h<\/h2>\n\n\n\n<h2 class=\"wp-block-heading\">21\/12 &#8211; 8h30 \u00e0s 21h<\/h2>\n\n\n\n<h2 class=\"wp-block-heading\">22\/12 &#8211; 14h \u00e0s 22h<\/h2>\n\n\n\n<h2 class=\"wp-block-heading\">23\/12 &#8211; 8h30 \u00e0s 22h<\/h2>\n\n\n\n<h2 class=\"wp-block-heading\">24\/12 &#8211; 8h30 \u00e0s 17h30<\/h2>\n\n\n\n<h2 class=\"wp-block-heading\">26\/12 &#8211; 13h \u00e0s 18h<\/h2>\n\n\n\n<h2 class=\"wp-block-heading\">27\/12 &#8211; 8h30 \u00e0s 12h; 13h \u00e0s 18h<\/h2>\n\n\n\n<h2 class=\"wp-block-heading\">28\/12 &#8211; 8h30 \u00e0s 14h<\/h2>\n\n\n\n<h2 class=\"wp-block-heading\">30\/12 &#8211; 8h30 \u00e0s 12h; 13h \u00e0s 18h<\/h2>\n\n\n\n<h2 class=\"wp-block-heading\">31\/12 &#8211; 8h30 \u00e0s 12h30<\/h2>\n<\/div><\/div>\n\n\n\n<figure class=\"wp-block-image size-full\"><img loading=\"lazy\" decoding=\"async\" width=\"720\" height=\"424\" src=\"https:\/\/radiostudiow.com.br\/site\/wp-content\/uploads\/2024\/12\/image-74.png\" alt=\"\" class=\"wp-image-31739\" srcset=\"https:\/\/radiostudiow.com.br\/site\/wp-content\/uploads\/2024\/12\/image-74.png 720w, https:\/\/radiostudiow.com.br\/site\/wp-content\/uploads\/2024\/12\/image-74-300x177.png 300w\" sizes=\"auto, (max-width: 720px) 100vw, 720px\" \/><\/figure>\n\n\n\n<figure class=\"wp-block-image size-full\"><img loading=\"lazy\" decoding=\"async\" width=\"720\" height=\"494\" src=\"https:\/\/radiostudiow.com.br\/site\/wp-content\/uploads\/2024\/12\/image-75.png\" alt=\"\" class=\"wp-image-31740\" srcset=\"https:\/\/radiostudiow.com.br\/site\/wp-content\/uploads\/2024\/12\/image-75.png 720w, https:\/\/radiostudiow.com.br\/site\/wp-content\/uploads\/2024\/12\/image-75-300x206.png 300w\" sizes=\"auto, (max-width: 720px) 100vw, 720px\" \/><\/figure>\n\n\n\n<figure class=\"wp-block-image size-full\"><img loading=\"lazy\" decoding=\"async\" width=\"601\" height=\"467\" src=\"https:\/\/radiostudiow.com.br\/site\/wp-content\/uploads\/2024\/12\/image-76.png\" alt=\"\" class=\"wp-image-31741\" srcset=\"https:\/\/radiostudiow.com.br\/site\/wp-content\/uploads\/2024\/12\/image-76.png 601w, https:\/\/radiostudiow.com.br\/site\/wp-content\/uploads\/2024\/12\/image-76-300x233.png 300w\" sizes=\"auto, (max-width: 601px) 100vw, 601px\" \/><\/figure>\n\n\n\n<p><\/p>\n","protected":false},"excerpt":{"rendered":"<p>For\u00e7a-tarefa resultou em quatro pris\u00f5es e apreens\u00e3o de drogas, armas e celulares Na manh\u00e3 desta ter\u00e7a-feira (17), uma opera\u00e7\u00e3o conjunta entre a Pol\u00edcia Civil e a Pol\u00edcia Militar foi deflagrada nas cidades de Mallet e Rio Azul, no Paran\u00e1. Denominada \u201cAl\u00e9m do Rio Azul\u201d, a a\u00e7\u00e3o \u00e9 fruto de uma investiga\u00e7\u00e3o coordenada pela Delegacia de [&hellip;]<\/p>\n","protected":false},"author":2,"featured_media":31742,"comment_status":"open","ping_status":"open","sticky":false,"template":"","format":"standard","meta":{"footnotes":""},"categories":[2],"tags":[172],"class_list":["post-31738","post","type-post","status-publish","format-standard","has-post-thumbnail","hentry","category-policial","tag-featured"],"amp_enabled":true,"_links":{"self":[{"href":"https:\/\/radiostudiow.com.br\/site\/wp-json\/wp\/v2\/posts\/31738","targetHints":{"allow":["GET"]}}],"collection":[{"href":"https:\/\/radiostudiow.com.br\/site\/wp-json\/wp\/v2\/posts"}],"about":[{"href":"https:\/\/radiostudiow.com.br\/site\/wp-json\/wp\/v2\/types\/post"}],"author":[{"embeddable":true,"href":"https:\/\/radiostudiow.com.br\/site\/wp-json\/wp\/v2\/users\/2"}],"replies":[{"embeddable":true,"href":"https:\/\/radiostudiow.com.br\/site\/wp-json\/wp\/v2\/comments?post=31738"}],"version-history":[{"count":1,"href":"https:\/\/radiostudiow.com.br\/site\/wp-json\/wp\/v2\/posts\/31738\/revisions"}],"predecessor-version":[{"id":31744,"href":"https:\/\/radiostudiow.com.br\/site\/wp-json\/wp\/v2\/posts\/31738\/revisions\/31744"}],"wp:featuredmedia":[{"embeddable":true,"href":"https:\/\/radiostudiow.com.br\/site\/wp-json\/wp\/v2\/media\/31742"}],"wp:attachment":[{"href":"https:\/\/radiostudiow.com.br\/site\/wp-json\/wp\/v2\/media?parent=31738"}],"wp:term":[{"taxonomy":"category","embeddable":true,"href":"https:\/\/radiostudiow.com.br\/site\/wp-json\/wp\/v2\/categories?post=31738"},{"taxonomy":"post_tag","embeddable":true,"href":"https:\/\/radiostudiow.com.br\/site\/wp-json\/wp\/v2\/tags?post=31738"}],"curies":[{"name":"wp","href":"https:\/\/api.w.org\/{rel}","templated":true}]}}