{"id":31749,"date":"2024-12-17T17:21:55","date_gmt":"2024-12-17T20:21:55","guid":{"rendered":"https:\/\/radiostudiow.com.br\/site\/?p=31749"},"modified":"2025-01-31T14:58:05","modified_gmt":"2025-01-31T17:58:05","slug":"video-policia-divulga-mais-informacoes-sobre-taxista-vitima-de-assalto-em-porto-uniao","status":"publish","type":"post","link":"https:\/\/radiostudiow.com.br\/site\/2024\/12\/17\/video-policia-divulga-mais-informacoes-sobre-taxista-vitima-de-assalto-em-porto-uniao\/","title":{"rendered":"V\u00eddeo: Pol\u00edcia divulga mais informa\u00e7\u00f5es sobre taxista v\u00edtima de assalto em Porto Uni\u00e3o"},"content":{"rendered":"\n<p>Na noite deste domingo, 15, a\u00a0Pol\u00edcia Militar de Porto Uni\u00e3o\u00a0foi acionada para atender a uma ocorr\u00eancia de roubo no Km 13, no interior do munic\u00edpio.<\/p>\n\n\n\n<p>A v\u00edtima, identificada como\u00a0Andr\u00e9 Sausen, que trabalha como taxista, relatou momentos de tens\u00e3o e viol\u00eancia durante o assalto.<\/p>\n\n\n\n<figure class=\"wp-block-image size-full\"><img loading=\"lazy\" decoding=\"async\" width=\"598\" height=\"204\" src=\"https:\/\/radiostudiow.com.br\/site\/wp-content\/uploads\/2024\/10\/labirati.png\" alt=\"\" class=\"wp-image-28854\" srcset=\"https:\/\/radiostudiow.com.br\/site\/wp-content\/uploads\/2024\/10\/labirati.png 598w, https:\/\/radiostudiow.com.br\/site\/wp-content\/uploads\/2024\/10\/labirati-300x102.png 300w\" sizes=\"auto, (max-width: 598px) 100vw, 598px\" \/><\/figure>\n\n\n\n<p>Segundo informa\u00e7\u00f5es, por volta das\u00a023h30, Andr\u00e9 aceitou uma corrida solicitada por um homem com destino ao bairro Santa Rosa e, posteriormente, ao Km 13, onde a situa\u00e7\u00e3o tomou outro rumo.<\/p>\n\n\n\n<p>Ao chegar pr\u00f3ximo \u00e0\u00a0Cachoeira do Km 13, o passageiro sacou uma arma de fogo e deu voz de assalto. Em um ato de coragem, Andr\u00e9 entrou em luta corporal com o criminoso, conseguindo\u00a0desarm\u00e1-lo e arremessar a arma em uma \u00e1rea de mata.<\/p>\n\n\n\n<p>Ap\u00f3s o confronto, Andr\u00e9 conseguiu fugir do local, correndo at\u00e9 o Km 8, onde pediu ajuda em uma resid\u00eancia, por volta das\u00a004h30 da manh\u00e3.<\/p>\n\n\n\n<p>Quando retornou ao local acompanhado pela pol\u00edcia, encontrou seu\u00a0ve\u00edculo incendiado, provavelmente em retalia\u00e7\u00e3o ao seu ato de resist\u00eancia.<\/p>\n\n\n\n<figure class=\"wp-block-video\"><video controls src=\"https:\/\/radiostudiow.com.br\/site\/wp-content\/uploads\/2024\/12\/videoplayback-1.mp4\"><\/video><\/figure>\n\n\n\n<p>Al\u00e9m do preju\u00edzo material, Andr\u00e9 sofreu\u00a0escoria\u00e7\u00f5es\u00a0durante a luta e precisou de atendimento m\u00e9dico. O taxista, que tira o sustento da sua profiss\u00e3o, enfrenta agora um grande desafio, j\u00e1 que\u00a0n\u00e3o possui condi\u00e7\u00f5es de adquirir um novo ve\u00edculo, essencial para seu trabalho.<\/p>\n\n\n\n<p>Comovidos com a situa\u00e7\u00e3o, amigos e membros da comunidade lan\u00e7aram uma&nbsp;<strong>vakinha online<\/strong>&nbsp;para ajudar Andr\u00e9 a superar este momento dif\u00edcil e adquirir um novo ve\u00edculo para continuar trabalhando. A campanha busca unir esfor\u00e7os para oferecer apoio a um trabalhador que enfrenta n\u00e3o s\u00f3 o trauma do assalto, mas tamb\u00e9m as consequ\u00eancias financeiras da perda de seu carro.<\/p>\n\n\n\n<p>Para aqueles que desejam contribuir, a&nbsp;<strong>vakinha online est\u00e1 dispon\u00edvel<\/strong>, e qualquer valor ser\u00e1 de grande ajuda para que Andr\u00e9 possa retomar sua vida e profiss\u00e3o.<\/p>\n\n\n\n<p><a href=\"https:\/\/www.vakinha.com.br\/vaquinha\/andre-taxista\">https:\/\/www.vakinha.com.br\/vaquinha\/andre-taxista<\/a><\/p>\n","protected":false},"excerpt":{"rendered":"<p>Na noite deste domingo, 15, a\u00a0Pol\u00edcia Militar de Porto Uni\u00e3o\u00a0foi acionada para atender a uma ocorr\u00eancia de roubo no Km 13, no interior do munic\u00edpio. A v\u00edtima, identificada como\u00a0Andr\u00e9 Sausen, que trabalha como taxista, relatou momentos de tens\u00e3o e viol\u00eancia durante o assalto. Segundo informa\u00e7\u00f5es, por volta das\u00a023h30, Andr\u00e9 aceitou uma corrida solicitada por um [&hellip;]<\/p>\n","protected":false},"author":2,"featured_media":31750,"comment_status":"open","ping_status":"open","sticky":false,"template":"","format":"standard","meta":{"footnotes":""},"categories":[2],"tags":[172],"class_list":["post-31749","post","type-post","status-publish","format-standard","has-post-thumbnail","hentry","category-policial","tag-featured"],"amp_enabled":true,"_links":{"self":[{"href":"https:\/\/radiostudiow.com.br\/site\/wp-json\/wp\/v2\/posts\/31749","targetHints":{"allow":["GET"]}}],"collection":[{"href":"https:\/\/radiostudiow.com.br\/site\/wp-json\/wp\/v2\/posts"}],"about":[{"href":"https:\/\/radiostudiow.com.br\/site\/wp-json\/wp\/v2\/types\/post"}],"author":[{"embeddable":true,"href":"https:\/\/radiostudiow.com.br\/site\/wp-json\/wp\/v2\/users\/2"}],"replies":[{"embeddable":true,"href":"https:\/\/radiostudiow.com.br\/site\/wp-json\/wp\/v2\/comments?post=31749"}],"version-history":[{"count":1,"href":"https:\/\/radiostudiow.com.br\/site\/wp-json\/wp\/v2\/posts\/31749\/revisions"}],"predecessor-version":[{"id":31752,"href":"https:\/\/radiostudiow.com.br\/site\/wp-json\/wp\/v2\/posts\/31749\/revisions\/31752"}],"wp:featuredmedia":[{"embeddable":true,"href":"https:\/\/radiostudiow.com.br\/site\/wp-json\/wp\/v2\/media\/31750"}],"wp:attachment":[{"href":"https:\/\/radiostudiow.com.br\/site\/wp-json\/wp\/v2\/media?parent=31749"}],"wp:term":[{"taxonomy":"category","embeddable":true,"href":"https:\/\/radiostudiow.com.br\/site\/wp-json\/wp\/v2\/categories?post=31749"},{"taxonomy":"post_tag","embeddable":true,"href":"https:\/\/radiostudiow.com.br\/site\/wp-json\/wp\/v2\/tags?post=31749"}],"curies":[{"name":"wp","href":"https:\/\/api.w.org\/{rel}","templated":true}]}}