{"id":31753,"date":"2024-12-18T09:54:28","date_gmt":"2024-12-18T12:54:28","guid":{"rendered":"https:\/\/radiostudiow.com.br\/site\/?p=31753"},"modified":"2025-01-31T14:58:05","modified_gmt":"2025-01-31T17:58:05","slug":"policia-civil-prende-mais-um-suspeito-dos-crimes-de-homicidio-em-novembro","status":"publish","type":"post","link":"https:\/\/radiostudiow.com.br\/site\/2024\/12\/18\/policia-civil-prende-mais-um-suspeito-dos-crimes-de-homicidio-em-novembro\/","title":{"rendered":"Pol\u00edcia civil prende mais um suspeito dos crimes de homic\u00eddio em novembro"},"content":{"rendered":"\n<p>A equipe da Pol\u00edcia Civil do Paran\u00e1 prendeu nesta ter\u00e7a-feira, 17 de Dezembro, o quarto envolvido nos crimes ocorridos em Uni\u00e3o da Vit\u00f3ria, durante a madrugada de 29 para 30 de novembro de 2024.<\/p>\n\n\n\n<figure class=\"wp-block-image size-full\"><img decoding=\"async\" src=\"https:\/\/radiostudiow.com.br\/site\/wp-content\/uploads\/2024\/12\/BISTRO.png\" alt=\"\" class=\"wp-image-31336\"\/><\/figure>\n\n\n\n<p>Naquela ocasi\u00e3o, a Pol\u00edcia Militar havia efetuado a pris\u00e3o em flagrante de tr\u00eas homens, suspeitos de envolvimento em quatro homic\u00eddios, consumados e tentados. Ap\u00f3s intensas investiga\u00e7\u00f5es conduzidas pela PCPR, foi dado cumprimento ao mandado de pris\u00e3o preventiva contra o indiciado.<\/p>\n\n\n\n<p>Al\u00e9m disso, a equipe policial tamb\u00e9m cumpriu um mandado de busca e apreens\u00e3o na resid\u00eancia do investigado, onde foi localizada e apreendida a arma utilizada em um dos crimes:&nbsp;uma pistola calibre 9mm, de uso restrito, com cinco muni\u00e7\u00f5es.<\/p>\n\n\n\n<figure class=\"wp-block-image size-full\"><img loading=\"lazy\" decoding=\"async\" width=\"851\" height=\"315\" src=\"https:\/\/radiostudiow.com.br\/site\/wp-content\/uploads\/2024\/11\/image-102.png\" alt=\"\" class=\"wp-image-30741\" srcset=\"https:\/\/radiostudiow.com.br\/site\/wp-content\/uploads\/2024\/11\/image-102.png 851w, https:\/\/radiostudiow.com.br\/site\/wp-content\/uploads\/2024\/11\/image-102-300x111.png 300w, https:\/\/radiostudiow.com.br\/site\/wp-content\/uploads\/2024\/11\/image-102-768x284.png 768w\" sizes=\"auto, (max-width: 851px) 100vw, 851px\" \/><\/figure>\n\n\n\n<p>A PCPR refor\u00e7a seu compromisso com a seguran\u00e7a p\u00fablica e com a elucida\u00e7\u00e3o de crimes, trabalhando de forma incans\u00e1vel para levar os respons\u00e1veis \u00e0 Justi\u00e7a.<\/p>\n","protected":false},"excerpt":{"rendered":"<p>A equipe da Pol\u00edcia Civil do Paran\u00e1 prendeu nesta ter\u00e7a-feira, 17 de Dezembro, o quarto envolvido nos crimes ocorridos em Uni\u00e3o da Vit\u00f3ria, durante a madrugada de 29 para 30 de novembro de 2024. Naquela ocasi\u00e3o, a Pol\u00edcia Militar havia efetuado a pris\u00e3o em flagrante de tr\u00eas homens, suspeitos de envolvimento em quatro homic\u00eddios, consumados [&hellip;]<\/p>\n","protected":false},"author":2,"featured_media":31754,"comment_status":"open","ping_status":"open","sticky":false,"template":"","format":"standard","meta":{"footnotes":""},"categories":[2],"tags":[172],"class_list":["post-31753","post","type-post","status-publish","format-standard","has-post-thumbnail","hentry","category-policial","tag-featured"],"amp_enabled":true,"_links":{"self":[{"href":"https:\/\/radiostudiow.com.br\/site\/wp-json\/wp\/v2\/posts\/31753","targetHints":{"allow":["GET"]}}],"collection":[{"href":"https:\/\/radiostudiow.com.br\/site\/wp-json\/wp\/v2\/posts"}],"about":[{"href":"https:\/\/radiostudiow.com.br\/site\/wp-json\/wp\/v2\/types\/post"}],"author":[{"embeddable":true,"href":"https:\/\/radiostudiow.com.br\/site\/wp-json\/wp\/v2\/users\/2"}],"replies":[{"embeddable":true,"href":"https:\/\/radiostudiow.com.br\/site\/wp-json\/wp\/v2\/comments?post=31753"}],"version-history":[{"count":3,"href":"https:\/\/radiostudiow.com.br\/site\/wp-json\/wp\/v2\/posts\/31753\/revisions"}],"predecessor-version":[{"id":31784,"href":"https:\/\/radiostudiow.com.br\/site\/wp-json\/wp\/v2\/posts\/31753\/revisions\/31784"}],"wp:featuredmedia":[{"embeddable":true,"href":"https:\/\/radiostudiow.com.br\/site\/wp-json\/wp\/v2\/media\/31754"}],"wp:attachment":[{"href":"https:\/\/radiostudiow.com.br\/site\/wp-json\/wp\/v2\/media?parent=31753"}],"wp:term":[{"taxonomy":"category","embeddable":true,"href":"https:\/\/radiostudiow.com.br\/site\/wp-json\/wp\/v2\/categories?post=31753"},{"taxonomy":"post_tag","embeddable":true,"href":"https:\/\/radiostudiow.com.br\/site\/wp-json\/wp\/v2\/tags?post=31753"}],"curies":[{"name":"wp","href":"https:\/\/api.w.org\/{rel}","templated":true}]}}