{"id":31766,"date":"2024-12-18T09:49:09","date_gmt":"2024-12-18T12:49:09","guid":{"rendered":"https:\/\/radiostudiow.com.br\/site\/?p=31766"},"modified":"2025-01-31T14:58:05","modified_gmt":"2025-01-31T17:58:05","slug":"boletim-semanal-da-dengue-confirma-378-novos-casos-no-parana","status":"publish","type":"post","link":"https:\/\/radiostudiow.com.br\/site\/2024\/12\/18\/boletim-semanal-da-dengue-confirma-378-novos-casos-no-parana\/","title":{"rendered":"Boletim semanal da dengue confirma 378 novos casos no Paran\u00e1"},"content":{"rendered":"\n<p>A Secretaria de Estado da Sa\u00fade (Sesa), por meio da Coordenadoria Estadual de Vigil\u00e2ncia Ambiental, publicou nesta ter\u00e7a-feira (17) o novo informe semanal da dengue. Foram registrados 378 novos casos da doen\u00e7a.&nbsp;Os dados do atual per\u00edodo epidemiol\u00f3gico, iniciado em 28 de julho de 2024, somam 45.857 notifica\u00e7\u00f5es, 5.375 diagn\u00f3sticos confirmados e dois \u00f3bitos em decorr\u00eancia da dengue.<\/p>\n\n\n\n<figure class=\"wp-block-image size-full\"><img loading=\"lazy\" decoding=\"async\" width=\"598\" height=\"204\" src=\"https:\/\/radiostudiow.com.br\/site\/wp-content\/uploads\/2024\/10\/labirati.png\" alt=\"\" class=\"wp-image-28854\" srcset=\"https:\/\/radiostudiow.com.br\/site\/wp-content\/uploads\/2024\/10\/labirati.png 598w, https:\/\/radiostudiow.com.br\/site\/wp-content\/uploads\/2024\/10\/labirati-300x102.png 300w\" sizes=\"auto, (max-width: 598px) 100vw, 598px\" \/><\/figure>\n\n\n\n<p>No total, 380 munic\u00edpios j\u00e1 apresentaram notifica\u00e7\u00f5es da doen\u00e7a que \u00e9 transmitida pelo mosquito&nbsp;Aedes aegypti e 272 possuem casos confirmados.<\/p>\n\n\n\n<p>As regionais com os maiores n\u00fameros de casos confirmados neste per\u00edodo epidemiol\u00f3gico s\u00e3o a 17\u00aa Regional de Sa\u00fade de Londrina (1.221); 15\u00aa RS de Maring\u00e1 (504); 14\u00aa RS de Paranava\u00ed (448); 1\u00aa RS Paranagu\u00e1&nbsp;(415) e 2\u00aa RS Metropolitana (409).<\/p>\n\n\n\n<p><strong>OUTRAS ARBOVIROSES&nbsp;\u2013<\/strong>&nbsp;Este informe traz ainda informa\u00e7\u00f5es sobre Chikungunya e Zika, tamb\u00e9m transmitidas pelo mosquito&nbsp;Aedes aegypti.&nbsp;Neste per\u00edodo foram confirmados 24 casos de Chikungunya, sendo registradas 344 notifica\u00e7\u00f5es da doen\u00e7a no Estado. Quanto \u00e0 Zika, at\u00e9 o momento ocorreram 20&nbsp;notifica\u00e7\u00f5es, sem nenhum caso confirmado.<\/p>\n\n\n\n<p><strong>INFESTA\u00c7\u00c3O PREDIAL&nbsp;\u2013<\/strong>&nbsp;A Sesa divulgou tamb\u00e9m o novo&nbsp;boletim de&nbsp;<strong><a href=\"https:\/\/www.dengue.pr.gov.br\/Pagina\/Boletim-Infestacao-Predial\" target=\"_blank\" rel=\"noreferrer noopener\">infesta\u00e7\u00e3o predial<\/a><\/strong>&nbsp;, que apresenta o levantamento entomol\u00f3gico para o&nbsp;Aedes aegypti. O Paran\u00e1 tem 394 munic\u00edpios infestados, representando 98,7% do Estado.<\/p>\n\n\n\n<figure class=\"wp-block-image size-full\"><img loading=\"lazy\" decoding=\"async\" width=\"900\" height=\"408\" src=\"https:\/\/radiostudiow.com.br\/site\/wp-content\/uploads\/2024\/09\/image-64-1.png\" alt=\"\" class=\"wp-image-28207\" srcset=\"https:\/\/radiostudiow.com.br\/site\/wp-content\/uploads\/2024\/09\/image-64-1.png 900w, https:\/\/radiostudiow.com.br\/site\/wp-content\/uploads\/2024\/09\/image-64-1-300x136.png 300w, https:\/\/radiostudiow.com.br\/site\/wp-content\/uploads\/2024\/09\/image-64-1-768x348.png 768w\" sizes=\"auto, (max-width: 900px) 100vw, 900px\" \/><\/figure>\n\n\n\n<p>No per\u00edodo de 1 de outubro a 10 de dezembro, dos 399 munic\u00edpios do Paran\u00e1, 42 estavam classificados como em situa\u00e7\u00e3o de risco de epidemia, 209 em alerta e 135 em situa\u00e7\u00e3o satisfat\u00f3ria para o IIP (\u00cdndice de Infesta\u00e7\u00e3o Predial).&nbsp;Tr\u00eas cidades realizaram monitoramento com o uso de armadilhas. Outras 10 n\u00e3o enviaram informa\u00e7\u00f5es ou n\u00e3o fizeram o monitoramento. O munic\u00edpio com maior \u00edndice de infesta\u00e7\u00e3o predial \u00e9 Flora\u00ed, com IIP de 11,3%.<\/p>\n\n\n\n<p>Confira o Informe Semanal completo&nbsp;<strong><a href=\"https:\/\/www.dengue.pr.gov.br\/Pagina\/Boletins-da-Dengue\" target=\"_blank\" rel=\"noreferrer noopener\">&nbsp;AQUI<\/a><\/strong>&nbsp;. Mais informa\u00e7\u00f5es sobre a dengue est\u00e3o&nbsp;neste&nbsp;<strong><a href=\"https:\/\/www.dengue.pr.gov.br\/\" target=\"_blank\" rel=\"noreferrer noopener\">LINK<\/a><\/strong>.<\/p>\n","protected":false},"excerpt":{"rendered":"<p>A Secretaria de Estado da Sa\u00fade (Sesa), por meio da Coordenadoria Estadual de Vigil\u00e2ncia Ambiental, publicou nesta ter\u00e7a-feira (17) o novo informe semanal da dengue. Foram registrados 378 novos casos da doen\u00e7a.&nbsp;Os dados do atual per\u00edodo epidemiol\u00f3gico, iniciado em 28 de julho de 2024, somam 45.857 notifica\u00e7\u00f5es, 5.375 diagn\u00f3sticos confirmados e dois \u00f3bitos em decorr\u00eancia [&hellip;]<\/p>\n","protected":false},"author":2,"featured_media":31422,"comment_status":"open","ping_status":"open","sticky":false,"template":"","format":"standard","meta":{"footnotes":""},"categories":[182],"tags":[172],"class_list":["post-31766","post","type-post","status-publish","format-standard","has-post-thumbnail","hentry","category-saude","tag-featured"],"amp_enabled":true,"_links":{"self":[{"href":"https:\/\/radiostudiow.com.br\/site\/wp-json\/wp\/v2\/posts\/31766","targetHints":{"allow":["GET"]}}],"collection":[{"href":"https:\/\/radiostudiow.com.br\/site\/wp-json\/wp\/v2\/posts"}],"about":[{"href":"https:\/\/radiostudiow.com.br\/site\/wp-json\/wp\/v2\/types\/post"}],"author":[{"embeddable":true,"href":"https:\/\/radiostudiow.com.br\/site\/wp-json\/wp\/v2\/users\/2"}],"replies":[{"embeddable":true,"href":"https:\/\/radiostudiow.com.br\/site\/wp-json\/wp\/v2\/comments?post=31766"}],"version-history":[{"count":2,"href":"https:\/\/radiostudiow.com.br\/site\/wp-json\/wp\/v2\/posts\/31766\/revisions"}],"predecessor-version":[{"id":31782,"href":"https:\/\/radiostudiow.com.br\/site\/wp-json\/wp\/v2\/posts\/31766\/revisions\/31782"}],"wp:featuredmedia":[{"embeddable":true,"href":"https:\/\/radiostudiow.com.br\/site\/wp-json\/wp\/v2\/media\/31422"}],"wp:attachment":[{"href":"https:\/\/radiostudiow.com.br\/site\/wp-json\/wp\/v2\/media?parent=31766"}],"wp:term":[{"taxonomy":"category","embeddable":true,"href":"https:\/\/radiostudiow.com.br\/site\/wp-json\/wp\/v2\/categories?post=31766"},{"taxonomy":"post_tag","embeddable":true,"href":"https:\/\/radiostudiow.com.br\/site\/wp-json\/wp\/v2\/tags?post=31766"}],"curies":[{"name":"wp","href":"https:\/\/api.w.org\/{rel}","templated":true}]}}