{"id":31773,"date":"2024-12-18T10:03:02","date_gmt":"2024-12-18T13:03:02","guid":{"rendered":"https:\/\/radiostudiow.com.br\/site\/?p=31773"},"modified":"2025-01-31T14:58:05","modified_gmt":"2025-01-31T17:58:05","slug":"policias-civil-e-militar-prendem-homem-de-20-anos-por-trafico-de-drogas-em-sao-mateus-do-sul","status":"publish","type":"post","link":"https:\/\/radiostudiow.com.br\/site\/2024\/12\/18\/policias-civil-e-militar-prendem-homem-de-20-anos-por-trafico-de-drogas-em-sao-mateus-do-sul\/","title":{"rendered":"Pol\u00edcias Civil e Militar prendem homem de 20 anos por tr\u00e1fico de drogas em S\u00e3o Mateus do Sul"},"content":{"rendered":"\n<p>A Pol\u00edcia Civil, por meio da 3\u00aa Subdivis\u00e3o Policial de S\u00e3o Mateus do Sul (SDP), e a Pol\u00edcia Militar, por meio do 27\u00b0 BPM, efetuaram o cumprimento de um mandado de busca e apreens\u00e3o em S\u00e3o Mateus do Sul e prenderam em flagrante um um masculino de 20 anos de idade pelo delito de tr\u00e1fico de entorpecentes.<\/p>\n\n\n\n<figure class=\"wp-block-image size-full\"><img loading=\"lazy\" decoding=\"async\" width=\"897\" height=\"204\" src=\"https:\/\/radiostudiow.com.br\/site\/wp-content\/uploads\/2024\/11\/image-49.png\" alt=\"\" class=\"wp-image-30017\" srcset=\"https:\/\/radiostudiow.com.br\/site\/wp-content\/uploads\/2024\/11\/image-49.png 897w, https:\/\/radiostudiow.com.br\/site\/wp-content\/uploads\/2024\/11\/image-49-300x68.png 300w, https:\/\/radiostudiow.com.br\/site\/wp-content\/uploads\/2024\/11\/image-49-768x175.png 768w\" sizes=\"auto, (max-width: 897px) 100vw, 897px\" \/><\/figure>\n\n\n\n<p>Durante a opera\u00e7\u00e3o, que ocorreu na manh\u00e3 desta ter\u00e7a-feira (17). houve a apreens\u00e3o de 31 por\u00e7\u00f5es de coca\u00edna e 3 por\u00e7\u00f5es de maconha, todas j\u00e1 preparadas para a venda, bem como dinheiro em esp\u00e9cie e m\u00e1quina de cart\u00f5es. As buscas do im\u00f3vel foram realizadas com o apoio do canil do 27\u00ba BPM.<\/p>\n\n\n\n<p>A a\u00e7\u00e3o foi decorrente de uma investiga\u00e7\u00e3o desenvolvida por ambas as for\u00e7as policiais, que se iniciou no m\u00eas de outubro deste ano, e visava identificar agentes criminosos que atuam no tr\u00e1fico de drogas local.<\/p>\n\n\n\n<div class=\"wp-block-media-text is-stacked-on-mobile\"><figure class=\"wp-block-media-text__media\"><img decoding=\"async\" src=\"https:\/\/radiostudiow.com.br\/site\/wp-content\/uploads\/2024\/12\/image-82-809x1024.png\" alt=\"\" class=\"wp-image-31785 size-full\"\/><\/figure><div class=\"wp-block-media-text__content\">\n<p>Veja os hor\u00e1rios de atendimento em dezembro de 2024! Boas compras!\u00a0<\/p>\n\n\n\n<p>AFUBRA IRATI: \ud83d\udcde(42) 3421-1700<br>\ud83d\udccd Rua Coronel Emilio Gomes, 399, Centro &#8211; Irati &#8211; PR<\/p>\n\n\n\n<p>AFUBRA IMBITUVA: \ud83d\udcde(42) 3436-84003<br>\ud83d\udccd RUA Jacobe Brener, 830 &#8211; Centro, Imbituva &#8211; PR<\/p>\n\n\n\n<p><a href=\"https:\/\/www.lojasafubra.com.br\">https:\/\/www.lojasafubra.com.br<\/a><\/p>\n<\/div><\/div>\n\n\n\n<p>A PCPR solicita o apoio da popula\u00e7\u00e3o para novas den\u00fancias que auxiliem na investiga\u00e7\u00e3o de tr\u00e1fico de drogas. As den\u00fancias podem ser feitas de forma an\u00f4nima pelo telefone (42) 3532-3190 (WhatsApp) ou pelo 181.<\/p>\n","protected":false},"excerpt":{"rendered":"<p>A Pol\u00edcia Civil, por meio da 3\u00aa Subdivis\u00e3o Policial de S\u00e3o Mateus do Sul (SDP), e a Pol\u00edcia Militar, por meio do 27\u00b0 BPM, efetuaram o cumprimento de um mandado de busca e apreens\u00e3o em S\u00e3o Mateus do Sul e prenderam em flagrante um um masculino de 20 anos de idade pelo delito de tr\u00e1fico [&hellip;]<\/p>\n","protected":false},"author":2,"featured_media":31774,"comment_status":"open","ping_status":"open","sticky":false,"template":"","format":"standard","meta":{"footnotes":""},"categories":[2],"tags":[172],"class_list":["post-31773","post","type-post","status-publish","format-standard","has-post-thumbnail","hentry","category-policial","tag-featured"],"amp_enabled":true,"_links":{"self":[{"href":"https:\/\/radiostudiow.com.br\/site\/wp-json\/wp\/v2\/posts\/31773","targetHints":{"allow":["GET"]}}],"collection":[{"href":"https:\/\/radiostudiow.com.br\/site\/wp-json\/wp\/v2\/posts"}],"about":[{"href":"https:\/\/radiostudiow.com.br\/site\/wp-json\/wp\/v2\/types\/post"}],"author":[{"embeddable":true,"href":"https:\/\/radiostudiow.com.br\/site\/wp-json\/wp\/v2\/users\/2"}],"replies":[{"embeddable":true,"href":"https:\/\/radiostudiow.com.br\/site\/wp-json\/wp\/v2\/comments?post=31773"}],"version-history":[{"count":2,"href":"https:\/\/radiostudiow.com.br\/site\/wp-json\/wp\/v2\/posts\/31773\/revisions"}],"predecessor-version":[{"id":31786,"href":"https:\/\/radiostudiow.com.br\/site\/wp-json\/wp\/v2\/posts\/31773\/revisions\/31786"}],"wp:featuredmedia":[{"embeddable":true,"href":"https:\/\/radiostudiow.com.br\/site\/wp-json\/wp\/v2\/media\/31774"}],"wp:attachment":[{"href":"https:\/\/radiostudiow.com.br\/site\/wp-json\/wp\/v2\/media?parent=31773"}],"wp:term":[{"taxonomy":"category","embeddable":true,"href":"https:\/\/radiostudiow.com.br\/site\/wp-json\/wp\/v2\/categories?post=31773"},{"taxonomy":"post_tag","embeddable":true,"href":"https:\/\/radiostudiow.com.br\/site\/wp-json\/wp\/v2\/tags?post=31773"}],"curies":[{"name":"wp","href":"https:\/\/api.w.org\/{rel}","templated":true}]}}