{"id":31816,"date":"2024-12-18T09:15:00","date_gmt":"2024-12-18T12:15:00","guid":{"rendered":"https:\/\/radiostudiow.com.br\/site\/?p=31816"},"modified":"2025-01-31T14:58:05","modified_gmt":"2025-01-31T17:58:05","slug":"camara-municipal-de-mallet-realiza-sessao-solene-em-homenagem-a-medalhistas-da-obmep-e-destaques-sociais","status":"publish","type":"post","link":"https:\/\/radiostudiow.com.br\/site\/2024\/12\/18\/camara-municipal-de-mallet-realiza-sessao-solene-em-homenagem-a-medalhistas-da-obmep-e-destaques-sociais\/","title":{"rendered":"C\u00e2mara Municipal de Mallet realiza sess\u00e3o solene em homenagem a medalhistas da OBMEP e destaques sociais"},"content":{"rendered":"\n<p>Na \u00faltima segunda-feira, 16 de dezembro, a C\u00e2mara Municipal de Mallet promoveu uma Sess\u00e3o Solene para celebrar e homenagear os alunos medalhistas da OBMEP (Olimp\u00edada Brasileira de Matem\u00e1tica das Escolas P\u00fablicas). A solenidade destacou estudantes das escolas municipais Rom\u00e3o Paul e Orlando de Carvalho, que se sobressa\u00edram pela dedica\u00e7\u00e3o e talento no campo acad\u00eamico.<\/p>\n\n\n\n<figure class=\"wp-block-image size-full\"><img loading=\"lazy\" decoding=\"async\" width=\"851\" height=\"315\" src=\"https:\/\/radiostudiow.com.br\/site\/wp-content\/uploads\/2024\/11\/image-102.png\" alt=\"\" class=\"wp-image-30741\" srcset=\"https:\/\/radiostudiow.com.br\/site\/wp-content\/uploads\/2024\/11\/image-102.png 851w, https:\/\/radiostudiow.com.br\/site\/wp-content\/uploads\/2024\/11\/image-102-300x111.png 300w, https:\/\/radiostudiow.com.br\/site\/wp-content\/uploads\/2024\/11\/image-102-768x284.png 768w\" sizes=\"auto, (max-width: 851px) 100vw, 851px\" \/><\/figure>\n\n\n\n<p>O evento tamb\u00e9m reconheceu o trabalho exemplar de professores e profissionais que contribu\u00edram para o sucesso dos alunos, celebrando n\u00e3o apenas os resultados acad\u00eamicos, mas tamb\u00e9m o compromisso com a educa\u00e7\u00e3o e o desenvolvimento social.<\/p>\n\n\n\n<p>Durante a cerim\u00f4nia, a equipe de Equoterapia tamb\u00e9m foi homenageada pelo trabalho de dedica\u00e7\u00e3o e amor junto \u00e0s crian\u00e7as autistas, bem como os profissionais da Apae de Mallet, que desempenham um papel fundamental no atendimento e apoio \u00e0 comunidade.<\/p>\n\n\n\n<p>O evento foi marcado por momentos de reconhecimento e gratid\u00e3o, refor\u00e7ando a import\u00e2ncia de valorizar o talento acad\u00eamico e o trabalho social que impactam diretamente o futuro do munic\u00edpio.<\/p>\n\n\n\n<figure class=\"wp-block-gallery has-nested-images columns-default is-cropped wp-block-gallery-1 is-layout-flex wp-block-gallery-is-layout-flex\">\n<figure class=\"wp-block-image size-large\"><img loading=\"lazy\" decoding=\"async\" width=\"1024\" height=\"671\" data-id=\"31818\" src=\"https:\/\/radiostudiow.com.br\/site\/wp-content\/uploads\/2024\/12\/03-2-1-1024x671.jpeg\" alt=\"\" class=\"wp-image-31818\" srcset=\"https:\/\/radiostudiow.com.br\/site\/wp-content\/uploads\/2024\/12\/03-2-1-1024x671.jpeg 1024w, https:\/\/radiostudiow.com.br\/site\/wp-content\/uploads\/2024\/12\/03-2-1-300x197.jpeg 300w, https:\/\/radiostudiow.com.br\/site\/wp-content\/uploads\/2024\/12\/03-2-1-768x503.jpeg 768w, https:\/\/radiostudiow.com.br\/site\/wp-content\/uploads\/2024\/12\/03-2-1.jpeg 1292w\" sizes=\"auto, (max-width: 1024px) 100vw, 1024px\" \/><\/figure>\n\n\n\n<figure class=\"wp-block-image size-large\"><img loading=\"lazy\" decoding=\"async\" width=\"1024\" height=\"663\" data-id=\"31821\" src=\"https:\/\/radiostudiow.com.br\/site\/wp-content\/uploads\/2024\/12\/03-3-1-1024x663.jpeg\" alt=\"\" class=\"wp-image-31821\" srcset=\"https:\/\/radiostudiow.com.br\/site\/wp-content\/uploads\/2024\/12\/03-3-1-1024x663.jpeg 1024w, https:\/\/radiostudiow.com.br\/site\/wp-content\/uploads\/2024\/12\/03-3-1-300x194.jpeg 300w, https:\/\/radiostudiow.com.br\/site\/wp-content\/uploads\/2024\/12\/03-3-1-768x497.jpeg 768w, https:\/\/radiostudiow.com.br\/site\/wp-content\/uploads\/2024\/12\/03-3-1.jpeg 1176w\" sizes=\"auto, (max-width: 1024px) 100vw, 1024px\" \/><\/figure>\n\n\n\n<figure class=\"wp-block-image size-large\"><img loading=\"lazy\" decoding=\"async\" width=\"1024\" height=\"694\" data-id=\"31819\" src=\"https:\/\/radiostudiow.com.br\/site\/wp-content\/uploads\/2024\/12\/03-4-1-1024x694.jpeg\" alt=\"\" class=\"wp-image-31819\" srcset=\"https:\/\/radiostudiow.com.br\/site\/wp-content\/uploads\/2024\/12\/03-4-1-1024x694.jpeg 1024w, https:\/\/radiostudiow.com.br\/site\/wp-content\/uploads\/2024\/12\/03-4-1-300x203.jpeg 300w, https:\/\/radiostudiow.com.br\/site\/wp-content\/uploads\/2024\/12\/03-4-1-768x520.jpeg 768w, https:\/\/radiostudiow.com.br\/site\/wp-content\/uploads\/2024\/12\/03-4-1.jpeg 1200w\" sizes=\"auto, (max-width: 1024px) 100vw, 1024px\" \/><\/figure>\n\n\n\n<figure class=\"wp-block-image size-large\"><img loading=\"lazy\" decoding=\"async\" width=\"876\" height=\"990\" data-id=\"31820\" src=\"https:\/\/radiostudiow.com.br\/site\/wp-content\/uploads\/2024\/12\/03-5-1.jpeg\" alt=\"\" class=\"wp-image-31820\" srcset=\"https:\/\/radiostudiow.com.br\/site\/wp-content\/uploads\/2024\/12\/03-5-1.jpeg 876w, https:\/\/radiostudiow.com.br\/site\/wp-content\/uploads\/2024\/12\/03-5-1-265x300.jpeg 265w, https:\/\/radiostudiow.com.br\/site\/wp-content\/uploads\/2024\/12\/03-5-1-768x868.jpeg 768w\" sizes=\"auto, (max-width: 876px) 100vw, 876px\" \/><\/figure>\n<\/figure>\n","protected":false},"excerpt":{"rendered":"<p>Na \u00faltima segunda-feira, 16 de dezembro, a C\u00e2mara Municipal de Mallet promoveu uma Sess\u00e3o Solene para celebrar e homenagear os alunos medalhistas da OBMEP (Olimp\u00edada Brasileira de Matem\u00e1tica das Escolas P\u00fablicas). A solenidade destacou estudantes das escolas municipais Rom\u00e3o Paul e Orlando de Carvalho, que se sobressa\u00edram pela dedica\u00e7\u00e3o e talento no campo acad\u00eamico. O [&hellip;]<\/p>\n","protected":false},"author":2,"featured_media":31817,"comment_status":"open","ping_status":"open","sticky":false,"template":"","format":"standard","meta":{"footnotes":""},"categories":[184],"tags":[172],"class_list":["post-31816","post","type-post","status-publish","format-standard","has-post-thumbnail","hentry","category-local","tag-featured"],"amp_enabled":true,"_links":{"self":[{"href":"https:\/\/radiostudiow.com.br\/site\/wp-json\/wp\/v2\/posts\/31816","targetHints":{"allow":["GET"]}}],"collection":[{"href":"https:\/\/radiostudiow.com.br\/site\/wp-json\/wp\/v2\/posts"}],"about":[{"href":"https:\/\/radiostudiow.com.br\/site\/wp-json\/wp\/v2\/types\/post"}],"author":[{"embeddable":true,"href":"https:\/\/radiostudiow.com.br\/site\/wp-json\/wp\/v2\/users\/2"}],"replies":[{"embeddable":true,"href":"https:\/\/radiostudiow.com.br\/site\/wp-json\/wp\/v2\/comments?post=31816"}],"version-history":[{"count":1,"href":"https:\/\/radiostudiow.com.br\/site\/wp-json\/wp\/v2\/posts\/31816\/revisions"}],"predecessor-version":[{"id":31822,"href":"https:\/\/radiostudiow.com.br\/site\/wp-json\/wp\/v2\/posts\/31816\/revisions\/31822"}],"wp:featuredmedia":[{"embeddable":true,"href":"https:\/\/radiostudiow.com.br\/site\/wp-json\/wp\/v2\/media\/31817"}],"wp:attachment":[{"href":"https:\/\/radiostudiow.com.br\/site\/wp-json\/wp\/v2\/media?parent=31816"}],"wp:term":[{"taxonomy":"category","embeddable":true,"href":"https:\/\/radiostudiow.com.br\/site\/wp-json\/wp\/v2\/categories?post=31816"},{"taxonomy":"post_tag","embeddable":true,"href":"https:\/\/radiostudiow.com.br\/site\/wp-json\/wp\/v2\/tags?post=31816"}],"curies":[{"name":"wp","href":"https:\/\/api.w.org\/{rel}","templated":true}]}}