{"id":31826,"date":"2024-12-19T09:29:44","date_gmt":"2024-12-19T12:29:44","guid":{"rendered":"https:\/\/radiostudiow.com.br\/site\/?p=31826"},"modified":"2025-01-31T14:58:05","modified_gmt":"2025-01-31T17:58:05","slug":"policia-civil-e-militar-divulgam-mais-detalhes-em-video-sobre-operacao-contra-trafico-de-drogas-em-reboucas-rio-azul-e-mallet","status":"publish","type":"post","link":"https:\/\/radiostudiow.com.br\/site\/2024\/12\/19\/policia-civil-e-militar-divulgam-mais-detalhes-em-video-sobre-operacao-contra-trafico-de-drogas-em-reboucas-rio-azul-e-mallet\/","title":{"rendered":"Pol\u00edcia Civil e Militar divulgam mais detalhes em v\u00eddeo sobre opera\u00e7\u00e3o contra tr\u00e1fico de drogas em Rebou\u00e7as, Rio Azul e Mallet"},"content":{"rendered":"\n<p>A opera\u00e7\u00e3o \u201cAl\u00e9m do Rio Azul\u201d, foi o resultado do esfor\u00e7o conjunto da Delegacia de Pol\u00edcia de Rebou\u00e7as e Ag\u00eancia de Intelig\u00eancia da Pol\u00edcia Militar (8\u00aa CIPM), culminando no cumprimento de 20 mandados de busca e apreens\u00e3o e 1 mandado de pris\u00e3o tempor\u00e1ria, com o objetivo de desmembrar organiza\u00e7\u00e3o criminosa voltada ao tr\u00e1fico de drogas na manh\u00e3 de ter\u00e7a-feira (17).<\/p>\n\n\n\n<figure class=\"wp-block-image size-full\"><img loading=\"lazy\" decoding=\"async\" width=\"897\" height=\"204\" src=\"https:\/\/radiostudiow.com.br\/site\/wp-content\/uploads\/2024\/04\/image-38.png\" alt=\"\" class=\"wp-image-21308\" srcset=\"https:\/\/radiostudiow.com.br\/site\/wp-content\/uploads\/2024\/04\/image-38.png 897w, https:\/\/radiostudiow.com.br\/site\/wp-content\/uploads\/2024\/04\/image-38-300x68.png 300w, https:\/\/radiostudiow.com.br\/site\/wp-content\/uploads\/2024\/04\/image-38-768x175.png 768w\" sizes=\"auto, (max-width: 897px) 100vw, 897px\" \/><\/figure>\n\n\n\n<p>De acordo com as investiga\u00e7\u00f5es, o grupo criminoso atua na cidade de Rio Azul controlando o tr\u00e1fico de drogas na regi\u00e3o, fornecendo entorpecentes para as cidades de Mallet e Rebou\u00e7as. O grupo, composto por cerca de 13 suspeitos, \u00e9 liderado por indiv\u00edduo com m\u00faltiplas passagens policiais.<\/p>\n\n\n\n<p>Com o material apreendido, as autoridades pretendem aprofundar as investiga\u00e7\u00f5es. &#8220;A an\u00e1lise dos celulares ser\u00e1 fundamental para identificar outros envolvidos e mapear as opera\u00e7\u00f5es do grupo&#8221;, afirmou uma fonte ligada \u00e0 investiga\u00e7\u00e3o. Al\u00e9m disso, os suspeitos ser\u00e3o interrogados para obter mais informa\u00e7\u00f5es sobre a atua\u00e7\u00e3o da quadrilha.<\/p>\n\n\n\n<figure class=\"wp-block-video\"><video height=\"1080\" style=\"aspect-ratio: 1920 \/ 1080;\" width=\"1920\" controls src=\"https:\/\/radiostudiow.com.br\/site\/wp-content\/uploads\/2024\/12\/RIO-AZUL.mp4\"><\/video><\/figure>\n\n\n\n<p>A opera\u00e7\u00e3o contou com cerca de 90 policiais, dentre civis e militares, tendo sido efetuadas 4 pris\u00f5es e apreendidos arma de fogo, muni\u00e7\u00f5es, drogas, balan\u00e7as de precis\u00e3o e celulares dos suspeitos;<\/p>\n\n\n\n<p>A opera\u00e7\u00e3o \u201cAl\u00e9m do Rio Azul\u201d refor\u00e7a o combate ao tr\u00e1fico de drogas na regi\u00e3o e representa um importante golpe contra o crime organizado. As investiga\u00e7\u00f5es prosseguir\u00e3o com a an\u00e1lise dos aparelhos celulares apreendidos, qualifica\u00e7\u00e3o de outros envolvidos e interrogat\u00f3rio dos suspeitos.<\/p>\n\n\n\n<figure class=\"wp-block-image size-full\"><img loading=\"lazy\" decoding=\"async\" width=\"900\" height=\"408\" src=\"https:\/\/radiostudiow.com.br\/site\/wp-content\/uploads\/2024\/09\/image-64-1.png\" alt=\"\" class=\"wp-image-28207\" srcset=\"https:\/\/radiostudiow.com.br\/site\/wp-content\/uploads\/2024\/09\/image-64-1.png 900w, https:\/\/radiostudiow.com.br\/site\/wp-content\/uploads\/2024\/09\/image-64-1-300x136.png 300w, https:\/\/radiostudiow.com.br\/site\/wp-content\/uploads\/2024\/09\/image-64-1-768x348.png 768w\" sizes=\"auto, (max-width: 900px) 100vw, 900px\" \/><\/figure>\n\n\n\n<figure class=\"wp-block-image size-large\"><img loading=\"lazy\" decoding=\"async\" width=\"1024\" height=\"769\" src=\"https:\/\/radiostudiow.com.br\/site\/wp-content\/uploads\/2024\/12\/02-2-1024x769.jpeg\" alt=\"\" class=\"wp-image-31828\" srcset=\"https:\/\/radiostudiow.com.br\/site\/wp-content\/uploads\/2024\/12\/02-2-1024x769.jpeg 1024w, https:\/\/radiostudiow.com.br\/site\/wp-content\/uploads\/2024\/12\/02-2-300x225.jpeg 300w, https:\/\/radiostudiow.com.br\/site\/wp-content\/uploads\/2024\/12\/02-2-768x576.jpeg 768w, https:\/\/radiostudiow.com.br\/site\/wp-content\/uploads\/2024\/12\/02-2-1536x1153.jpeg 1536w, https:\/\/radiostudiow.com.br\/site\/wp-content\/uploads\/2024\/12\/02-2.jpeg 1600w\" sizes=\"auto, (max-width: 1024px) 100vw, 1024px\" \/><\/figure>\n\n\n\n<figure class=\"wp-block-gallery has-nested-images columns-default is-cropped wp-block-gallery-1 is-layout-flex wp-block-gallery-is-layout-flex\">\n<figure class=\"wp-block-image size-large\"><img loading=\"lazy\" decoding=\"async\" width=\"768\" height=\"1024\" data-id=\"31829\" src=\"https:\/\/radiostudiow.com.br\/site\/wp-content\/uploads\/2024\/12\/04-3-768x1024.jpeg\" alt=\"\" class=\"wp-image-31829\" srcset=\"https:\/\/radiostudiow.com.br\/site\/wp-content\/uploads\/2024\/12\/04-3-768x1024.jpeg 768w, https:\/\/radiostudiow.com.br\/site\/wp-content\/uploads\/2024\/12\/04-3-225x300.jpeg 225w, https:\/\/radiostudiow.com.br\/site\/wp-content\/uploads\/2024\/12\/04-3-1152x1536.jpeg 1152w, https:\/\/radiostudiow.com.br\/site\/wp-content\/uploads\/2024\/12\/04-3.jpeg 1200w\" sizes=\"auto, (max-width: 768px) 100vw, 768px\" \/><\/figure>\n\n\n\n<figure class=\"wp-block-image size-large\"><img loading=\"lazy\" decoding=\"async\" width=\"819\" height=\"1024\" data-id=\"31830\" src=\"https:\/\/radiostudiow.com.br\/site\/wp-content\/uploads\/2024\/12\/06-819x1024.jpeg\" alt=\"\" class=\"wp-image-31830\" srcset=\"https:\/\/radiostudiow.com.br\/site\/wp-content\/uploads\/2024\/12\/06-819x1024.jpeg 819w, https:\/\/radiostudiow.com.br\/site\/wp-content\/uploads\/2024\/12\/06-240x300.jpeg 240w, https:\/\/radiostudiow.com.br\/site\/wp-content\/uploads\/2024\/12\/06-768x960.jpeg 768w, https:\/\/radiostudiow.com.br\/site\/wp-content\/uploads\/2024\/12\/06.jpeg 1080w\" sizes=\"auto, (max-width: 819px) 100vw, 819px\" \/><\/figure>\n<\/figure>\n","protected":false},"excerpt":{"rendered":"<p>A opera\u00e7\u00e3o \u201cAl\u00e9m do Rio Azul\u201d, foi o resultado do esfor\u00e7o conjunto da Delegacia de Pol\u00edcia de Rebou\u00e7as e Ag\u00eancia de Intelig\u00eancia da Pol\u00edcia Militar (8\u00aa CIPM), culminando no cumprimento de 20 mandados de busca e apreens\u00e3o e 1 mandado de pris\u00e3o tempor\u00e1ria, com o objetivo de desmembrar organiza\u00e7\u00e3o criminosa voltada ao tr\u00e1fico de drogas [&hellip;]<\/p>\n","protected":false},"author":2,"featured_media":31827,"comment_status":"open","ping_status":"open","sticky":false,"template":"","format":"standard","meta":{"footnotes":""},"categories":[2],"tags":[172],"class_list":["post-31826","post","type-post","status-publish","format-standard","has-post-thumbnail","hentry","category-policial","tag-featured"],"amp_enabled":true,"_links":{"self":[{"href":"https:\/\/radiostudiow.com.br\/site\/wp-json\/wp\/v2\/posts\/31826","targetHints":{"allow":["GET"]}}],"collection":[{"href":"https:\/\/radiostudiow.com.br\/site\/wp-json\/wp\/v2\/posts"}],"about":[{"href":"https:\/\/radiostudiow.com.br\/site\/wp-json\/wp\/v2\/types\/post"}],"author":[{"embeddable":true,"href":"https:\/\/radiostudiow.com.br\/site\/wp-json\/wp\/v2\/users\/2"}],"replies":[{"embeddable":true,"href":"https:\/\/radiostudiow.com.br\/site\/wp-json\/wp\/v2\/comments?post=31826"}],"version-history":[{"count":1,"href":"https:\/\/radiostudiow.com.br\/site\/wp-json\/wp\/v2\/posts\/31826\/revisions"}],"predecessor-version":[{"id":31832,"href":"https:\/\/radiostudiow.com.br\/site\/wp-json\/wp\/v2\/posts\/31826\/revisions\/31832"}],"wp:featuredmedia":[{"embeddable":true,"href":"https:\/\/radiostudiow.com.br\/site\/wp-json\/wp\/v2\/media\/31827"}],"wp:attachment":[{"href":"https:\/\/radiostudiow.com.br\/site\/wp-json\/wp\/v2\/media?parent=31826"}],"wp:term":[{"taxonomy":"category","embeddable":true,"href":"https:\/\/radiostudiow.com.br\/site\/wp-json\/wp\/v2\/categories?post=31826"},{"taxonomy":"post_tag","embeddable":true,"href":"https:\/\/radiostudiow.com.br\/site\/wp-json\/wp\/v2\/tags?post=31826"}],"curies":[{"name":"wp","href":"https:\/\/api.w.org\/{rel}","templated":true}]}}