{"id":31837,"date":"2024-12-19T10:35:17","date_gmt":"2024-12-19T13:35:17","guid":{"rendered":"https:\/\/radiostudiow.com.br\/site\/?p=31837"},"modified":"2025-01-31T14:58:05","modified_gmt":"2025-01-31T17:58:05","slug":"pm-de-uniao-da-vitoria-registra-caso-de-ameaca","status":"publish","type":"post","link":"https:\/\/radiostudiow.com.br\/site\/2024\/12\/19\/pm-de-uniao-da-vitoria-registra-caso-de-ameaca\/","title":{"rendered":"PM de Uni\u00e3o Da Vit\u00f3ria registra caso de amea\u00e7a"},"content":{"rendered":"\n<p>A equipe da Pol\u00edcia Militar foi acionada via Copom para verificar uma situa\u00e7\u00e3o de amea\u00e7a por volta das 19:54 horas dessa quarta-feira (18).<\/p>\n\n\n\n<div class=\"wp-block-media-text is-stacked-on-mobile\" style=\"grid-template-columns:41% auto\"><figure class=\"wp-block-media-text__media\"><img decoding=\"async\" src=\"https:\/\/radiostudiow.com.br\/site\/wp-content\/uploads\/2024\/12\/image-82-809x1024.png\" alt=\"\" class=\"wp-image-31785 size-full\"\/><\/figure><div class=\"wp-block-media-text__content\">\n<p>AFUBRA IRATI: \ud83d\udcde(42) 3421-1700<br>\ud83d\udccd Rua Coronel Emilio Gomes, 399, Centro &#8211; Irati &#8211; PR<\/p>\n\n\n\n<p>AFUBRA IMBITUVA: \ud83d\udcde(42) 3436-84003<br>\ud83d\udccd RUA Jacobe Brener, 830 &#8211; Centro, Imbituva &#8211; PR<\/p>\n\n\n\n<p><a href=\"https:\/\/www.lojasafubra.com.br\">https:\/\/www.lojasafubra.com.br<\/a><\/p>\n<\/div><\/div>\n\n\n\n<p>Os policiais se deslocaram at\u00e9 o endere\u00e7o informado, a equipe conversou com o solicitante, que relatou que \u00e9 respons\u00e1vel pela seguran\u00e7a da esta\u00e7\u00e3o ferrovi\u00e1ria, e que pediu para um masculino se retirar do local, momento em que o masculino o amea\u00e7ou.<\/p>\n\n\n\n<p>O autor se fez presente no local, qual negou as amea\u00e7as. diante dos fatos, a equipe orientou as partes, sendo ent\u00e3o confeccionado o boletim de ocorr\u00eancia.<\/p>\n","protected":false},"excerpt":{"rendered":"<p>A equipe da Pol\u00edcia Militar foi acionada via Copom para verificar uma situa\u00e7\u00e3o de amea\u00e7a por volta das 19:54 horas dessa quarta-feira (18). AFUBRA IRATI: \ud83d\udcde(42) 3421-1700\ud83d\udccd Rua Coronel Emilio Gomes, 399, Centro &#8211; Irati &#8211; PR AFUBRA IMBITUVA: \ud83d\udcde(42) 3436-84003\ud83d\udccd RUA Jacobe Brener, 830 &#8211; Centro, Imbituva &#8211; PR https:\/\/www.lojasafubra.com.br Os policiais se deslocaram [&hellip;]<\/p>\n","protected":false},"author":2,"featured_media":29740,"comment_status":"open","ping_status":"open","sticky":false,"template":"","format":"standard","meta":{"footnotes":""},"categories":[2],"tags":[172],"class_list":["post-31837","post","type-post","status-publish","format-standard","has-post-thumbnail","hentry","category-policial","tag-featured"],"amp_enabled":true,"_links":{"self":[{"href":"https:\/\/radiostudiow.com.br\/site\/wp-json\/wp\/v2\/posts\/31837","targetHints":{"allow":["GET"]}}],"collection":[{"href":"https:\/\/radiostudiow.com.br\/site\/wp-json\/wp\/v2\/posts"}],"about":[{"href":"https:\/\/radiostudiow.com.br\/site\/wp-json\/wp\/v2\/types\/post"}],"author":[{"embeddable":true,"href":"https:\/\/radiostudiow.com.br\/site\/wp-json\/wp\/v2\/users\/2"}],"replies":[{"embeddable":true,"href":"https:\/\/radiostudiow.com.br\/site\/wp-json\/wp\/v2\/comments?post=31837"}],"version-history":[{"count":1,"href":"https:\/\/radiostudiow.com.br\/site\/wp-json\/wp\/v2\/posts\/31837\/revisions"}],"predecessor-version":[{"id":31838,"href":"https:\/\/radiostudiow.com.br\/site\/wp-json\/wp\/v2\/posts\/31837\/revisions\/31838"}],"wp:featuredmedia":[{"embeddable":true,"href":"https:\/\/radiostudiow.com.br\/site\/wp-json\/wp\/v2\/media\/29740"}],"wp:attachment":[{"href":"https:\/\/radiostudiow.com.br\/site\/wp-json\/wp\/v2\/media?parent=31837"}],"wp:term":[{"taxonomy":"category","embeddable":true,"href":"https:\/\/radiostudiow.com.br\/site\/wp-json\/wp\/v2\/categories?post=31837"},{"taxonomy":"post_tag","embeddable":true,"href":"https:\/\/radiostudiow.com.br\/site\/wp-json\/wp\/v2\/tags?post=31837"}],"curies":[{"name":"wp","href":"https:\/\/api.w.org\/{rel}","templated":true}]}}