{"id":31841,"date":"2024-12-19T11:18:34","date_gmt":"2024-12-19T14:18:34","guid":{"rendered":"https:\/\/radiostudiow.com.br\/site\/?p=31841"},"modified":"2025-01-31T14:58:05","modified_gmt":"2025-01-31T17:58:05","slug":"homem-com-mandado-em-seu-desfavor-e-preso-em-cruz-machado-2","status":"publish","type":"post","link":"https:\/\/radiostudiow.com.br\/site\/2024\/12\/19\/homem-com-mandado-em-seu-desfavor-e-preso-em-cruz-machado-2\/","title":{"rendered":"Homem com mandado em seu desfavor \u00e9 preso em Cruz Machado"},"content":{"rendered":"\n<p>A equipe da Pol\u00edcia Militar de Cruz Machado tomou conhecimento de um mandado de pris\u00e3o por volta das 15:44 horas dessa quarta-feira (18).<\/p>\n\n\n\n<figure class=\"wp-block-image size-large\"><img loading=\"lazy\" decoding=\"async\" width=\"1024\" height=\"451\" src=\"https:\/\/radiostudiow.com.br\/site\/wp-content\/uploads\/2024\/11\/voce-tem-em-quem-confiar-nos-te-ajudamos-a-se-proteger-dos-golpes_1200x1200-1024x451.png\" alt=\"\" class=\"wp-image-30588\" srcset=\"https:\/\/radiostudiow.com.br\/site\/wp-content\/uploads\/2024\/11\/voce-tem-em-quem-confiar-nos-te-ajudamos-a-se-proteger-dos-golpes_1200x1200-1024x451.png 1024w, https:\/\/radiostudiow.com.br\/site\/wp-content\/uploads\/2024\/11\/voce-tem-em-quem-confiar-nos-te-ajudamos-a-se-proteger-dos-golpes_1200x1200-300x132.png 300w, https:\/\/radiostudiow.com.br\/site\/wp-content\/uploads\/2024\/11\/voce-tem-em-quem-confiar-nos-te-ajudamos-a-se-proteger-dos-golpes_1200x1200-768x339.png 768w, https:\/\/radiostudiow.com.br\/site\/wp-content\/uploads\/2024\/11\/voce-tem-em-quem-confiar-nos-te-ajudamos-a-se-proteger-dos-golpes_1200x1200.png 1200w\" sizes=\"auto, (max-width: 1024px) 100vw, 1024px\" \/><\/figure>\n\n\n\n<p>Os policiais se deslocaram at\u00e9 o endere\u00e7o, no bairro S\u00e3o Jorge, onde o suspeito foi localizado e cientificado sobre o teor do mandado, dado voz de pris\u00e3o.<\/p>\n\n\n\n<p>Mencionado seus direitos constitucionais, sendo conduzido sem uso de algemas, posteriormente entregue a cadeia p\u00fablica de Uni\u00e3o da Vit\u00f3ria, para devidas providencias.<\/p>\n","protected":false},"excerpt":{"rendered":"<p>A equipe da Pol\u00edcia Militar de Cruz Machado tomou conhecimento de um mandado de pris\u00e3o por volta das 15:44 horas dessa quarta-feira (18). Os policiais se deslocaram at\u00e9 o endere\u00e7o, no bairro S\u00e3o Jorge, onde o suspeito foi localizado e cientificado sobre o teor do mandado, dado voz de pris\u00e3o. Mencionado seus direitos constitucionais, sendo [&hellip;]<\/p>\n","protected":false},"author":2,"featured_media":29243,"comment_status":"open","ping_status":"open","sticky":false,"template":"","format":"standard","meta":{"footnotes":""},"categories":[2],"tags":[172],"class_list":["post-31841","post","type-post","status-publish","format-standard","has-post-thumbnail","hentry","category-policial","tag-featured"],"amp_enabled":true,"_links":{"self":[{"href":"https:\/\/radiostudiow.com.br\/site\/wp-json\/wp\/v2\/posts\/31841","targetHints":{"allow":["GET"]}}],"collection":[{"href":"https:\/\/radiostudiow.com.br\/site\/wp-json\/wp\/v2\/posts"}],"about":[{"href":"https:\/\/radiostudiow.com.br\/site\/wp-json\/wp\/v2\/types\/post"}],"author":[{"embeddable":true,"href":"https:\/\/radiostudiow.com.br\/site\/wp-json\/wp\/v2\/users\/2"}],"replies":[{"embeddable":true,"href":"https:\/\/radiostudiow.com.br\/site\/wp-json\/wp\/v2\/comments?post=31841"}],"version-history":[{"count":1,"href":"https:\/\/radiostudiow.com.br\/site\/wp-json\/wp\/v2\/posts\/31841\/revisions"}],"predecessor-version":[{"id":31842,"href":"https:\/\/radiostudiow.com.br\/site\/wp-json\/wp\/v2\/posts\/31841\/revisions\/31842"}],"wp:featuredmedia":[{"embeddable":true,"href":"https:\/\/radiostudiow.com.br\/site\/wp-json\/wp\/v2\/media\/29243"}],"wp:attachment":[{"href":"https:\/\/radiostudiow.com.br\/site\/wp-json\/wp\/v2\/media?parent=31841"}],"wp:term":[{"taxonomy":"category","embeddable":true,"href":"https:\/\/radiostudiow.com.br\/site\/wp-json\/wp\/v2\/categories?post=31841"},{"taxonomy":"post_tag","embeddable":true,"href":"https:\/\/radiostudiow.com.br\/site\/wp-json\/wp\/v2\/tags?post=31841"}],"curies":[{"name":"wp","href":"https:\/\/api.w.org\/{rel}","templated":true}]}}