{"id":31843,"date":"2024-12-19T11:41:17","date_gmt":"2024-12-19T14:41:17","guid":{"rendered":"https:\/\/radiostudiow.com.br\/site\/?p=31843"},"modified":"2025-01-31T14:58:05","modified_gmt":"2025-01-31T17:58:05","slug":"pm-de-uniao-da-vitoria-prende-suspeitas-de-furtos","status":"publish","type":"post","link":"https:\/\/radiostudiow.com.br\/site\/2024\/12\/19\/pm-de-uniao-da-vitoria-prende-suspeitas-de-furtos\/","title":{"rendered":"PM de Uni\u00e3o da Vit\u00f3ria prende suspeitas de furtos"},"content":{"rendered":"\n<p>A equipe da Pol\u00edcia Militar de Uni\u00e3o da Vit\u00f3ria foi acionada ap\u00f3s o registro de furtos na cidade e a identifica\u00e7\u00e3o das poss\u00edveis autoras.<\/p>\n\n\n\n<p>Durante patrulhamento, pelo bairro Jo\u00e3o Paulo II, por volta das 20:46 horas dessa quarta-feira, 18 de dezembro, os policiais avistaram um ve\u00edculo que, segundo informa\u00e7\u00f5es, teria sido utilizado pelas suspeitas para realizar os crimes.<\/p>\n\n\n\n<figure class=\"wp-block-image size-full\"><img loading=\"lazy\" decoding=\"async\" width=\"598\" height=\"204\" src=\"https:\/\/radiostudiow.com.br\/site\/wp-content\/uploads\/2024\/04\/image-39.png\" alt=\"\" class=\"wp-image-21311\" srcset=\"https:\/\/radiostudiow.com.br\/site\/wp-content\/uploads\/2024\/04\/image-39.png 598w, https:\/\/radiostudiow.com.br\/site\/wp-content\/uploads\/2024\/04\/image-39-300x102.png 300w\" sizes=\"auto, (max-width: 598px) 100vw, 598px\" \/><\/figure>\n\n\n\n<p>Ap\u00f3s ser abordado, em busca foi localizado no interior do ve\u00edculo diversas pe\u00e7as de roupas com etiqueta, e alguns perfumes variados. Ao indagar a condutora, a mesma relatou que teria comprado as roupas em uma loja de General Carneiro, e que os perfumes teriam sido um presente de sua filha.<\/p>\n\n\n\n<p>No entanto, ao entrar em contato com as v\u00edtimas, estas confirmaram que os produtos encontrados eram provenientes dos furtos.\u00a0Diante disso, as suspeitas receberam voz de pris\u00e3o e foram conduzidas at\u00e9 a 4\u00aa SDP de Uni\u00e3o da Vit\u00f3ria, onde foram registradas as ocorr\u00eancias.<\/p>\n","protected":false},"excerpt":{"rendered":"<p>A equipe da Pol\u00edcia Militar de Uni\u00e3o da Vit\u00f3ria foi acionada ap\u00f3s o registro de furtos na cidade e a identifica\u00e7\u00e3o das poss\u00edveis autoras. Durante patrulhamento, pelo bairro Jo\u00e3o Paulo II, por volta das 20:46 horas dessa quarta-feira, 18 de dezembro, os policiais avistaram um ve\u00edculo que, segundo informa\u00e7\u00f5es, teria sido utilizado pelas suspeitas para [&hellip;]<\/p>\n","protected":false},"author":2,"featured_media":31844,"comment_status":"open","ping_status":"open","sticky":false,"template":"","format":"standard","meta":{"footnotes":""},"categories":[2],"tags":[172],"class_list":["post-31843","post","type-post","status-publish","format-standard","has-post-thumbnail","hentry","category-policial","tag-featured"],"amp_enabled":true,"_links":{"self":[{"href":"https:\/\/radiostudiow.com.br\/site\/wp-json\/wp\/v2\/posts\/31843","targetHints":{"allow":["GET"]}}],"collection":[{"href":"https:\/\/radiostudiow.com.br\/site\/wp-json\/wp\/v2\/posts"}],"about":[{"href":"https:\/\/radiostudiow.com.br\/site\/wp-json\/wp\/v2\/types\/post"}],"author":[{"embeddable":true,"href":"https:\/\/radiostudiow.com.br\/site\/wp-json\/wp\/v2\/users\/2"}],"replies":[{"embeddable":true,"href":"https:\/\/radiostudiow.com.br\/site\/wp-json\/wp\/v2\/comments?post=31843"}],"version-history":[{"count":1,"href":"https:\/\/radiostudiow.com.br\/site\/wp-json\/wp\/v2\/posts\/31843\/revisions"}],"predecessor-version":[{"id":31845,"href":"https:\/\/radiostudiow.com.br\/site\/wp-json\/wp\/v2\/posts\/31843\/revisions\/31845"}],"wp:featuredmedia":[{"embeddable":true,"href":"https:\/\/radiostudiow.com.br\/site\/wp-json\/wp\/v2\/media\/31844"}],"wp:attachment":[{"href":"https:\/\/radiostudiow.com.br\/site\/wp-json\/wp\/v2\/media?parent=31843"}],"wp:term":[{"taxonomy":"category","embeddable":true,"href":"https:\/\/radiostudiow.com.br\/site\/wp-json\/wp\/v2\/categories?post=31843"},{"taxonomy":"post_tag","embeddable":true,"href":"https:\/\/radiostudiow.com.br\/site\/wp-json\/wp\/v2\/tags?post=31843"}],"curies":[{"name":"wp","href":"https:\/\/api.w.org\/{rel}","templated":true}]}}