{"id":31864,"date":"2024-12-19T16:52:40","date_gmt":"2024-12-19T19:52:40","guid":{"rendered":"https:\/\/radiostudiow.com.br\/site\/?p=31864"},"modified":"2025-01-31T14:58:04","modified_gmt":"2025-01-31T17:58:04","slug":"encontrado-homem-natural-de-uniao-da-vitoria-morto-com-sinais-de-agressao-em-ponte-de-cacador","status":"publish","type":"post","link":"https:\/\/radiostudiow.com.br\/site\/2024\/12\/19\/encontrado-homem-natural-de-uniao-da-vitoria-morto-com-sinais-de-agressao-em-ponte-de-cacador\/","title":{"rendered":"Encontrado homem natural de Uni\u00e3o da Vit\u00f3ria morto com sinais de agress\u00e3o em ponte de Ca\u00e7ador"},"content":{"rendered":"\n<p>O corpo de um homem de 41 anos, natural de Uni\u00e3o da Vit\u00f3ria\/PR, foi encontrado na manh\u00e3 desta quinta-feira, 19, pr\u00f3ximo \u00e0 ponte do Berger, no bairro Para\u00edso, em Ca\u00e7ador.<\/p>\n\n\n\n<figure class=\"wp-block-image size-full\"><img loading=\"lazy\" decoding=\"async\" width=\"590\" height=\"204\" src=\"https:\/\/radiostudiow.com.br\/site\/wp-content\/uploads\/2024\/04\/image-27.png\" alt=\"\" class=\"wp-image-21280\" srcset=\"https:\/\/radiostudiow.com.br\/site\/wp-content\/uploads\/2024\/04\/image-27.png 590w, https:\/\/radiostudiow.com.br\/site\/wp-content\/uploads\/2024\/04\/image-27-300x104.png 300w\" sizes=\"auto, (max-width: 590px) 100vw, 590px\" \/><\/figure>\n\n\n\n<p>As primeiras informa\u00e7\u00f5es d\u00e3o conta de que o corpo encontrado tinha sinais de agress\u00e3o e estrangulamento com cabo de energia (que se encontrava no local), com sinais de luta corporal pr\u00f3ximo ao local onde foi encontrado. O corpo tinha muitas marcas, havendo sinais de que foi arrastado e jogado \u00e0s margens do rio, ficando parcialmente submerso no Rio do Peixe.<\/p>\n\n\n\n<p>No local haviam roupas, papel\u00e3o e saco de dormir, que provavelmente estaria sendo usado pela v\u00edtima como moradia, todavia, n\u00e3o havia nenhum documento que o identificasse.<\/p>\n\n\n\n<p>Uma pessoa que passava pelo local por volta de 8h10 da manh\u00e3, avistou o corpo e acionou a Pol\u00edcia Militar (PM), que acionou as demais autoridades competentes, inclusive a Pol\u00edcia Cient\u00edfica.<\/p>\n\n\n\n<p>Um homem foi visto pela manh\u00e3, com a roupa suja de lama, andando pr\u00f3ximo local.<\/p>\n\n\n\n<figure class=\"wp-block-image size-full\"><img loading=\"lazy\" decoding=\"async\" width=\"897\" height=\"204\" src=\"https:\/\/radiostudiow.com.br\/site\/wp-content\/uploads\/2024\/11\/image-49.png\" alt=\"\" class=\"wp-image-30017\" srcset=\"https:\/\/radiostudiow.com.br\/site\/wp-content\/uploads\/2024\/11\/image-49.png 897w, https:\/\/radiostudiow.com.br\/site\/wp-content\/uploads\/2024\/11\/image-49-300x68.png 300w, https:\/\/radiostudiow.com.br\/site\/wp-content\/uploads\/2024\/11\/image-49-768x175.png 768w\" sizes=\"auto, (max-width: 897px) 100vw, 897px\" \/><\/figure>\n\n\n\n<p>N\u00e3o h\u00e1 informa\u00e7\u00f5es sobre a identidade da v\u00edtima, autor(es) do homic\u00eddio, motiva\u00e7\u00e3o e causa da morte, sendo que algumas destas informa\u00e7\u00f5es poder\u00e3o ser esclarecidas no laudo pericial.<\/p>\n\n\n\n<p>H\u00e1 ind\u00edcios de que o crime tenha ocorrido nas primeiras horas da manh\u00e3 desta quinta-feira, 19, pois havia sangue \u201cfresco\u201d no local da briga e no corpo da v\u00edtima.<\/p>\n","protected":false},"excerpt":{"rendered":"<p>O corpo de um homem de 41 anos, natural de Uni\u00e3o da Vit\u00f3ria\/PR, foi encontrado na manh\u00e3 desta quinta-feira, 19, pr\u00f3ximo \u00e0 ponte do Berger, no bairro Para\u00edso, em Ca\u00e7ador. As primeiras informa\u00e7\u00f5es d\u00e3o conta de que o corpo encontrado tinha sinais de agress\u00e3o e estrangulamento com cabo de energia (que se encontrava no local), [&hellip;]<\/p>\n","protected":false},"author":2,"featured_media":31868,"comment_status":"open","ping_status":"open","sticky":false,"template":"","format":"standard","meta":{"footnotes":""},"categories":[185],"tags":[172],"class_list":["post-31864","post","type-post","status-publish","format-standard","has-post-thumbnail","hentry","category-regional","tag-featured"],"amp_enabled":true,"_links":{"self":[{"href":"https:\/\/radiostudiow.com.br\/site\/wp-json\/wp\/v2\/posts\/31864","targetHints":{"allow":["GET"]}}],"collection":[{"href":"https:\/\/radiostudiow.com.br\/site\/wp-json\/wp\/v2\/posts"}],"about":[{"href":"https:\/\/radiostudiow.com.br\/site\/wp-json\/wp\/v2\/types\/post"}],"author":[{"embeddable":true,"href":"https:\/\/radiostudiow.com.br\/site\/wp-json\/wp\/v2\/users\/2"}],"replies":[{"embeddable":true,"href":"https:\/\/radiostudiow.com.br\/site\/wp-json\/wp\/v2\/comments?post=31864"}],"version-history":[{"count":1,"href":"https:\/\/radiostudiow.com.br\/site\/wp-json\/wp\/v2\/posts\/31864\/revisions"}],"predecessor-version":[{"id":31866,"href":"https:\/\/radiostudiow.com.br\/site\/wp-json\/wp\/v2\/posts\/31864\/revisions\/31866"}],"wp:featuredmedia":[{"embeddable":true,"href":"https:\/\/radiostudiow.com.br\/site\/wp-json\/wp\/v2\/media\/31868"}],"wp:attachment":[{"href":"https:\/\/radiostudiow.com.br\/site\/wp-json\/wp\/v2\/media?parent=31864"}],"wp:term":[{"taxonomy":"category","embeddable":true,"href":"https:\/\/radiostudiow.com.br\/site\/wp-json\/wp\/v2\/categories?post=31864"},{"taxonomy":"post_tag","embeddable":true,"href":"https:\/\/radiostudiow.com.br\/site\/wp-json\/wp\/v2\/tags?post=31864"}],"curies":[{"name":"wp","href":"https:\/\/api.w.org\/{rel}","templated":true}]}}