{"id":31877,"date":"2024-12-20T09:33:48","date_gmt":"2024-12-20T12:33:48","guid":{"rendered":"https:\/\/radiostudiow.com.br\/site\/?p=31877"},"modified":"2025-01-31T14:58:04","modified_gmt":"2025-01-31T17:58:04","slug":"motociclista-perde-a-vida-apos-colidir-em-carro-no-interior-de-paula-freitas","status":"publish","type":"post","link":"https:\/\/radiostudiow.com.br\/site\/2024\/12\/20\/motociclista-perde-a-vida-apos-colidir-em-carro-no-interior-de-paula-freitas\/","title":{"rendered":"Motociclista perde a vida ap\u00f3s colidir em carro no interior de Paula Freitas"},"content":{"rendered":"\n<p>Um acidente fatal foi registrado na localidade do Faxinal, envolveu uma motocicleta e um carro na \u00e1rea rural da cidade Paula Freitas durante a tarde dessa quinta-feira (19).<\/p>\n\n\n\n<figure class=\"wp-block-image size-full\"><img loading=\"lazy\" decoding=\"async\" width=\"598\" height=\"204\" src=\"https:\/\/radiostudiow.com.br\/site\/wp-content\/uploads\/2024\/10\/labirati.png\" alt=\"\" class=\"wp-image-28854\" srcset=\"https:\/\/radiostudiow.com.br\/site\/wp-content\/uploads\/2024\/10\/labirati.png 598w, https:\/\/radiostudiow.com.br\/site\/wp-content\/uploads\/2024\/10\/labirati-300x102.png 300w\" sizes=\"auto, (max-width: 598px) 100vw, 598px\" \/><\/figure>\n\n\n\n<p>Segundo informa\u00e7\u00f5es preliminares, o acidente ocorreu em uma estrada rural da regi\u00e3o, onde o motociclista, identificado como um trabalhador que corta madeira e morador de Tr\u00eas Barras estava em seu trajeto de trabalho, colidiu frontalmente com o ve\u00edculo.<\/p>\n\n\n\n<p>O impacto foi t\u00e3o forte que o condutor da moto n\u00e3o resistiu aos ferimentos e morreu ainda no local. O motorista do carro envolvido no acidente foi atendido no local, n\u00e3o sofreu ferimentos graves.<\/p>\n\n\n\n<p>O IML de Uni\u00e3o da Vitoria foi acionado para recolher o corpo.<\/p>\n\n\n\n<figure class=\"wp-block-image size-full\"><img loading=\"lazy\" decoding=\"async\" width=\"900\" height=\"408\" src=\"https:\/\/radiostudiow.com.br\/site\/wp-content\/uploads\/2024\/09\/image-64-1.png\" alt=\"\" class=\"wp-image-28207\" srcset=\"https:\/\/radiostudiow.com.br\/site\/wp-content\/uploads\/2024\/09\/image-64-1.png 900w, https:\/\/radiostudiow.com.br\/site\/wp-content\/uploads\/2024\/09\/image-64-1-300x136.png 300w, https:\/\/radiostudiow.com.br\/site\/wp-content\/uploads\/2024\/09\/image-64-1-768x348.png 768w\" sizes=\"auto, (max-width: 900px) 100vw, 900px\" \/><\/figure>\n\n\n\n<p><em>Fonte: Portal Rio Claro<\/em><\/p>\n","protected":false},"excerpt":{"rendered":"<p>Um acidente fatal foi registrado na localidade do Faxinal, envolveu uma motocicleta e um carro na \u00e1rea rural da cidade Paula Freitas durante a tarde dessa quinta-feira (19). Segundo informa\u00e7\u00f5es preliminares, o acidente ocorreu em uma estrada rural da regi\u00e3o, onde o motociclista, identificado como um trabalhador que corta madeira e morador de Tr\u00eas Barras [&hellip;]<\/p>\n","protected":false},"author":2,"featured_media":31878,"comment_status":"open","ping_status":"open","sticky":false,"template":"","format":"standard","meta":{"footnotes":""},"categories":[185],"tags":[172],"class_list":["post-31877","post","type-post","status-publish","format-standard","has-post-thumbnail","hentry","category-regional","tag-featured"],"amp_enabled":true,"_links":{"self":[{"href":"https:\/\/radiostudiow.com.br\/site\/wp-json\/wp\/v2\/posts\/31877","targetHints":{"allow":["GET"]}}],"collection":[{"href":"https:\/\/radiostudiow.com.br\/site\/wp-json\/wp\/v2\/posts"}],"about":[{"href":"https:\/\/radiostudiow.com.br\/site\/wp-json\/wp\/v2\/types\/post"}],"author":[{"embeddable":true,"href":"https:\/\/radiostudiow.com.br\/site\/wp-json\/wp\/v2\/users\/2"}],"replies":[{"embeddable":true,"href":"https:\/\/radiostudiow.com.br\/site\/wp-json\/wp\/v2\/comments?post=31877"}],"version-history":[{"count":3,"href":"https:\/\/radiostudiow.com.br\/site\/wp-json\/wp\/v2\/posts\/31877\/revisions"}],"predecessor-version":[{"id":31882,"href":"https:\/\/radiostudiow.com.br\/site\/wp-json\/wp\/v2\/posts\/31877\/revisions\/31882"}],"wp:featuredmedia":[{"embeddable":true,"href":"https:\/\/radiostudiow.com.br\/site\/wp-json\/wp\/v2\/media\/31878"}],"wp:attachment":[{"href":"https:\/\/radiostudiow.com.br\/site\/wp-json\/wp\/v2\/media?parent=31877"}],"wp:term":[{"taxonomy":"category","embeddable":true,"href":"https:\/\/radiostudiow.com.br\/site\/wp-json\/wp\/v2\/categories?post=31877"},{"taxonomy":"post_tag","embeddable":true,"href":"https:\/\/radiostudiow.com.br\/site\/wp-json\/wp\/v2\/tags?post=31877"}],"curies":[{"name":"wp","href":"https:\/\/api.w.org\/{rel}","templated":true}]}}