{"id":31883,"date":"2024-12-20T09:46:36","date_gmt":"2024-12-20T12:46:36","guid":{"rendered":"https:\/\/radiostudiow.com.br\/site\/?p=31883"},"modified":"2025-01-31T14:58:04","modified_gmt":"2025-01-31T17:58:04","slug":"rotam-prende-homem-e-apreende-adolescente-suspeitos-de-trafico-de-drogas-em-reboucas","status":"publish","type":"post","link":"https:\/\/radiostudiow.com.br\/site\/2024\/12\/20\/rotam-prende-homem-e-apreende-adolescente-suspeitos-de-trafico-de-drogas-em-reboucas\/","title":{"rendered":"ROTAM prende homem e apreende adolescente suspeitos de tr\u00e1fico de drogas em Rebou\u00e7as"},"content":{"rendered":"\n<p>Na&nbsp;tarde desta quarta-feira (18-12), por volta das 17h, a Equipe ROTAM realizou um patrulhamento quando avistou um ve\u00edculo Fiat Cronos em fuga. O condutor, ao perceber a presen\u00e7a da viatura, acelerou e evadiu-se por uma estrada rural sentido Pared\u00e3o, zona rural de Rebou\u00e7as.<\/p>\n\n\n\n<div class=\"wp-block-media-text is-stacked-on-mobile\" style=\"grid-template-columns:45% auto\"><figure class=\"wp-block-media-text__media\"><img decoding=\"async\" src=\"https:\/\/radiostudiow.com.br\/site\/wp-content\/uploads\/2024\/12\/image-82-809x1024.png\" alt=\"\" class=\"wp-image-31785 size-full\"\/><\/figure><div class=\"wp-block-media-text__content\">\n<p><strong>AFUBRA IRATI:<\/strong><\/p>\n\n\n\n<p>\ud83d\udcde(42) 3421-1700<br>\ud83d\udccd Rua Coronel Emilio Gomes, 399, Centro &#8211; Irati &#8211; PR<\/p>\n\n\n\n<p><strong>AFUBRA IMBITUVA:<\/strong><\/p>\n\n\n\n<p>\ud83d\udcde(42) 3436-84003<br>\ud83d\udccd RUA Jacobe Brener, 830 &#8211; Centro, Imbituva &#8211; PR<\/p>\n\n\n\n<p><a href=\"https:\/\/www.lojasafubra.com.br\">https:\/\/www.lojasafubra.com.br<\/a><\/p>\n<\/div><\/div>\n\n\n\n<p>A equipe iniciou um orienta\u00e7\u00e3o estrat\u00e9gica, com sinais luminosos e sonoros, e deu voz de abordagem, mas o condutor desobedeceu. Ap\u00f3s alguns minutos de persegui\u00e7\u00e3o, o ve\u00edculo foi abandonado na estrada e os ocupantes fugiram a p\u00e9. A equipe conseguiu abord\u00e1-los com sucesso.<\/p>\n\n\n\n<p>O condutor, um homem de 25 anos, e o passageiro, de 16 anos, foram identificados. Durante uma busca pessoal, foram encontrados tr\u00eas inv\u00f3lucros de subst\u00e2ncia anal\u00f3gica \u00e0 maconha e dinheiro no bolso do motorista. No ve\u00edculo, foram localizados mais 11 inv\u00f3lucros de maconha, dois pinos de coca\u00edna, uma fra\u00e7\u00e3o de tabletes de maconha e uma balan\u00e7a digital.<\/p>\n\n\n\n<figure class=\"wp-block-image size-full\"><img loading=\"lazy\" decoding=\"async\" width=\"897\" height=\"204\" src=\"https:\/\/radiostudiow.com.br\/site\/wp-content\/uploads\/2024\/08\/TIJOLAO.png\" alt=\"\" class=\"wp-image-25951\" srcset=\"https:\/\/radiostudiow.com.br\/site\/wp-content\/uploads\/2024\/08\/TIJOLAO.png 897w, https:\/\/radiostudiow.com.br\/site\/wp-content\/uploads\/2024\/08\/TIJOLAO-300x68.png 300w, https:\/\/radiostudiow.com.br\/site\/wp-content\/uploads\/2024\/08\/TIJOLAO-768x175.png 768w\" sizes=\"auto, (max-width: 897px) 100vw, 897px\" \/><\/figure>\n\n\n\n<p>Ap\u00f3s pesagem, a quantidade de drogas apreendidas totalizou 90 gramas de maconha e 0,6 gramas de coca\u00edna. Os envolvidos foram encaminhados \u00e0 41\u00aa Delegacia Regional de Pol\u00edcia (DRP) de Irati para os procedimentos de pol\u00edcia judici\u00e1ria.<\/p>\n\n\n\n<figure class=\"wp-block-image size-large\"><img decoding=\"async\" src=\"https:\/\/radiostudiow.com.br\/site\/wp-content\/uploads\/2024\/12\/image-90-1024x730.png\" alt=\"\" class=\"wp-image-31884\"\/><\/figure>\n","protected":false},"excerpt":{"rendered":"<p>Na&nbsp;tarde desta quarta-feira (18-12), por volta das 17h, a Equipe ROTAM realizou um patrulhamento quando avistou um ve\u00edculo Fiat Cronos em fuga. O condutor, ao perceber a presen\u00e7a da viatura, acelerou e evadiu-se por uma estrada rural sentido Pared\u00e3o, zona rural de Rebou\u00e7as. AFUBRA IRATI: \ud83d\udcde(42) 3421-1700\ud83d\udccd Rua Coronel Emilio Gomes, 399, Centro &#8211; Irati [&hellip;]<\/p>\n","protected":false},"author":2,"featured_media":31885,"comment_status":"open","ping_status":"open","sticky":false,"template":"","format":"standard","meta":{"footnotes":""},"categories":[2],"tags":[172],"class_list":["post-31883","post","type-post","status-publish","format-standard","has-post-thumbnail","hentry","category-policial","tag-featured"],"amp_enabled":true,"_links":{"self":[{"href":"https:\/\/radiostudiow.com.br\/site\/wp-json\/wp\/v2\/posts\/31883","targetHints":{"allow":["GET"]}}],"collection":[{"href":"https:\/\/radiostudiow.com.br\/site\/wp-json\/wp\/v2\/posts"}],"about":[{"href":"https:\/\/radiostudiow.com.br\/site\/wp-json\/wp\/v2\/types\/post"}],"author":[{"embeddable":true,"href":"https:\/\/radiostudiow.com.br\/site\/wp-json\/wp\/v2\/users\/2"}],"replies":[{"embeddable":true,"href":"https:\/\/radiostudiow.com.br\/site\/wp-json\/wp\/v2\/comments?post=31883"}],"version-history":[{"count":1,"href":"https:\/\/radiostudiow.com.br\/site\/wp-json\/wp\/v2\/posts\/31883\/revisions"}],"predecessor-version":[{"id":31886,"href":"https:\/\/radiostudiow.com.br\/site\/wp-json\/wp\/v2\/posts\/31883\/revisions\/31886"}],"wp:featuredmedia":[{"embeddable":true,"href":"https:\/\/radiostudiow.com.br\/site\/wp-json\/wp\/v2\/media\/31885"}],"wp:attachment":[{"href":"https:\/\/radiostudiow.com.br\/site\/wp-json\/wp\/v2\/media?parent=31883"}],"wp:term":[{"taxonomy":"category","embeddable":true,"href":"https:\/\/radiostudiow.com.br\/site\/wp-json\/wp\/v2\/categories?post=31883"},{"taxonomy":"post_tag","embeddable":true,"href":"https:\/\/radiostudiow.com.br\/site\/wp-json\/wp\/v2\/tags?post=31883"}],"curies":[{"name":"wp","href":"https:\/\/api.w.org\/{rel}","templated":true}]}}