{"id":31906,"date":"2024-12-20T10:37:30","date_gmt":"2024-12-20T13:37:30","guid":{"rendered":"https:\/\/radiostudiow.com.br\/site\/?p=31906"},"modified":"2025-01-31T14:58:04","modified_gmt":"2025-01-31T17:58:04","slug":"na-br-153-apos-colisao-veiculo-pega-fogo","status":"publish","type":"post","link":"https:\/\/radiostudiow.com.br\/site\/2024\/12\/20\/na-br-153-apos-colisao-veiculo-pega-fogo\/","title":{"rendered":"Ap\u00f3s colis\u00e3o ve\u00edculo pega fogo na BR-153 em General Carneiro"},"content":{"rendered":"\n<p>Na noite desta quinta-feira, 19, a equipe de resgate foi acionada para atender uma ocorr\u00eancia de acidente de tr\u00e2nsito na rodovia BR 153, pr\u00f3ximo as casinhas do Forte em General Carneiro.<\/p>\n\n\n\n<p>Ao chegar no local, foi constatado que um autom\u00f3vel VW\/Gol estava pegando fogo ap\u00f3s colidir com um barranco. O ve\u00edculo estava atravessado na pista, bloqueando parcialmente o tr\u00e1fego.<\/p>\n\n\n\n<figure class=\"wp-block-image size-full\"><img loading=\"lazy\" decoding=\"async\" width=\"897\" height=\"204\" src=\"https:\/\/radiostudiow.com.br\/site\/wp-content\/uploads\/2024\/04\/image-18.png\" alt=\"\" class=\"wp-image-21207\" srcset=\"https:\/\/radiostudiow.com.br\/site\/wp-content\/uploads\/2024\/04\/image-18.png 897w, https:\/\/radiostudiow.com.br\/site\/wp-content\/uploads\/2024\/04\/image-18-300x68.png 300w, https:\/\/radiostudiow.com.br\/site\/wp-content\/uploads\/2024\/04\/image-18-768x175.png 768w\" sizes=\"auto, (max-width: 897px) 100vw, 897px\" \/><\/figure>\n\n\n\n<p>Enquanto a Brigada Comunit\u00e1ria trabalhava para controlar as chamas e apagar o fogo do carro, o motorista, que sofreu les\u00f5es leves, recebeu os primeiros atendimentos do SAMU.<\/p>\n\n\n\n<p>Ap\u00f3s o atendimento no local, o motorista foi encaminhado para o Hospital Regional de Uni\u00e3o da Vit\u00f3ria para cuidados adicionais.<\/p>\n\n\n\n<figure class=\"wp-block-image size-full\"><img decoding=\"async\" src=\"https:\/\/radiostudiow.com.br\/site\/wp-content\/uploads\/2024\/12\/image-94.png\" alt=\"\" class=\"wp-image-31908\"\/><\/figure>\n","protected":false},"excerpt":{"rendered":"<p>Na noite desta quinta-feira, 19, a equipe de resgate foi acionada para atender uma ocorr\u00eancia de acidente de tr\u00e2nsito na rodovia BR 153, pr\u00f3ximo as casinhas do Forte em General Carneiro. Ao chegar no local, foi constatado que um autom\u00f3vel VW\/Gol estava pegando fogo ap\u00f3s colidir com um barranco. O ve\u00edculo estava atravessado na pista, [&hellip;]<\/p>\n","protected":false},"author":2,"featured_media":31907,"comment_status":"open","ping_status":"open","sticky":false,"template":"","format":"standard","meta":{"footnotes":""},"categories":[185],"tags":[172],"class_list":["post-31906","post","type-post","status-publish","format-standard","has-post-thumbnail","hentry","category-regional","tag-featured"],"amp_enabled":true,"_links":{"self":[{"href":"https:\/\/radiostudiow.com.br\/site\/wp-json\/wp\/v2\/posts\/31906","targetHints":{"allow":["GET"]}}],"collection":[{"href":"https:\/\/radiostudiow.com.br\/site\/wp-json\/wp\/v2\/posts"}],"about":[{"href":"https:\/\/radiostudiow.com.br\/site\/wp-json\/wp\/v2\/types\/post"}],"author":[{"embeddable":true,"href":"https:\/\/radiostudiow.com.br\/site\/wp-json\/wp\/v2\/users\/2"}],"replies":[{"embeddable":true,"href":"https:\/\/radiostudiow.com.br\/site\/wp-json\/wp\/v2\/comments?post=31906"}],"version-history":[{"count":2,"href":"https:\/\/radiostudiow.com.br\/site\/wp-json\/wp\/v2\/posts\/31906\/revisions"}],"predecessor-version":[{"id":31916,"href":"https:\/\/radiostudiow.com.br\/site\/wp-json\/wp\/v2\/posts\/31906\/revisions\/31916"}],"wp:featuredmedia":[{"embeddable":true,"href":"https:\/\/radiostudiow.com.br\/site\/wp-json\/wp\/v2\/media\/31907"}],"wp:attachment":[{"href":"https:\/\/radiostudiow.com.br\/site\/wp-json\/wp\/v2\/media?parent=31906"}],"wp:term":[{"taxonomy":"category","embeddable":true,"href":"https:\/\/radiostudiow.com.br\/site\/wp-json\/wp\/v2\/categories?post=31906"},{"taxonomy":"post_tag","embeddable":true,"href":"https:\/\/radiostudiow.com.br\/site\/wp-json\/wp\/v2\/tags?post=31906"}],"curies":[{"name":"wp","href":"https:\/\/api.w.org\/{rel}","templated":true}]}}