{"id":31910,"date":"2024-12-21T09:21:26","date_gmt":"2024-12-21T12:21:26","guid":{"rendered":"https:\/\/radiostudiow.com.br\/site\/?p=31910"},"modified":"2025-01-31T14:58:04","modified_gmt":"2025-01-31T17:58:04","slug":"filha-denuncia-a-propria-mae-por-trafico-de-drogas-em-sao-mateus-do-sul","status":"publish","type":"post","link":"https:\/\/radiostudiow.com.br\/site\/2024\/12\/21\/filha-denuncia-a-propria-mae-por-trafico-de-drogas-em-sao-mateus-do-sul\/","title":{"rendered":"Filha denuncia a pr\u00f3pria m\u00e3e por tr\u00e1fico de drogas em S\u00e3o Mateus do Sul"},"content":{"rendered":"\n<p>No in\u00edcio da noite desta quinta-feira (19), a Pol\u00edcia Militar foi acionada para atender uma ocorr\u00eancia em S\u00e3o Mateus do Sul envolvendo den\u00fancia de tr\u00e1fico de drogas. A solicitante, uma jovem, relatou que sua m\u00e3e estaria em posse de subst\u00e2ncia an\u00e1loga \u00e0 coca\u00edna com inten\u00e7\u00e3o de venda.<\/p>\n\n\n\n<figure class=\"wp-block-image size-full\"><img loading=\"lazy\" decoding=\"async\" width=\"897\" height=\"204\" src=\"https:\/\/radiostudiow.com.br\/site\/wp-content\/uploads\/2024\/04\/image-37.png\" alt=\"\" class=\"wp-image-21305\" srcset=\"https:\/\/radiostudiow.com.br\/site\/wp-content\/uploads\/2024\/04\/image-37.png 897w, https:\/\/radiostudiow.com.br\/site\/wp-content\/uploads\/2024\/04\/image-37-300x68.png 300w, https:\/\/radiostudiow.com.br\/site\/wp-content\/uploads\/2024\/04\/image-37-768x175.png 768w\" sizes=\"auto, (max-width: 897px) 100vw, 897px\" \/><\/figure>\n\n\n\n<p>Ao chegarem ao local, os policiais encontraram a filha em frente \u00e0 resid\u00eancia, carregando dois inv\u00f3lucros contendo a subst\u00e2ncia. Ela afirmou que retirou os objetos do roupeiro da m\u00e3e e informou que a mulher estaria dentro da casa, aparentemente alterada pelo poss\u00edvel uso de entorpecentes.<\/p>\n\n\n\n<p>Foi realizada abordagem na mulher, por\u00e9m com ela nada de il\u00edcito foi encontrado. J\u00e1 em buscas na resid\u00eancia, foi encontrado em seu roupeiro uma balan\u00e7a de precis\u00e3o, juntamente com uma bucha de coca\u00edna. Diante dos fatos, a autora foi encaminhada \u00e0 3\u00aa Subdivis\u00e3o Policial (SDP) para provid\u00eancias cab\u00edveis.<\/p>\n","protected":false},"excerpt":{"rendered":"<p>No in\u00edcio da noite desta quinta-feira (19), a Pol\u00edcia Militar foi acionada para atender uma ocorr\u00eancia em S\u00e3o Mateus do Sul envolvendo den\u00fancia de tr\u00e1fico de drogas. A solicitante, uma jovem, relatou que sua m\u00e3e estaria em posse de subst\u00e2ncia an\u00e1loga \u00e0 coca\u00edna com inten\u00e7\u00e3o de venda. Ao chegarem ao local, os policiais encontraram a [&hellip;]<\/p>\n","protected":false},"author":2,"featured_media":31622,"comment_status":"open","ping_status":"open","sticky":false,"template":"","format":"standard","meta":{"footnotes":""},"categories":[2],"tags":[172],"class_list":["post-31910","post","type-post","status-publish","format-standard","has-post-thumbnail","hentry","category-policial","tag-featured"],"amp_enabled":true,"_links":{"self":[{"href":"https:\/\/radiostudiow.com.br\/site\/wp-json\/wp\/v2\/posts\/31910","targetHints":{"allow":["GET"]}}],"collection":[{"href":"https:\/\/radiostudiow.com.br\/site\/wp-json\/wp\/v2\/posts"}],"about":[{"href":"https:\/\/radiostudiow.com.br\/site\/wp-json\/wp\/v2\/types\/post"}],"author":[{"embeddable":true,"href":"https:\/\/radiostudiow.com.br\/site\/wp-json\/wp\/v2\/users\/2"}],"replies":[{"embeddable":true,"href":"https:\/\/radiostudiow.com.br\/site\/wp-json\/wp\/v2\/comments?post=31910"}],"version-history":[{"count":3,"href":"https:\/\/radiostudiow.com.br\/site\/wp-json\/wp\/v2\/posts\/31910\/revisions"}],"predecessor-version":[{"id":31950,"href":"https:\/\/radiostudiow.com.br\/site\/wp-json\/wp\/v2\/posts\/31910\/revisions\/31950"}],"wp:featuredmedia":[{"embeddable":true,"href":"https:\/\/radiostudiow.com.br\/site\/wp-json\/wp\/v2\/media\/31622"}],"wp:attachment":[{"href":"https:\/\/radiostudiow.com.br\/site\/wp-json\/wp\/v2\/media?parent=31910"}],"wp:term":[{"taxonomy":"category","embeddable":true,"href":"https:\/\/radiostudiow.com.br\/site\/wp-json\/wp\/v2\/categories?post=31910"},{"taxonomy":"post_tag","embeddable":true,"href":"https:\/\/radiostudiow.com.br\/site\/wp-json\/wp\/v2\/tags?post=31910"}],"curies":[{"name":"wp","href":"https:\/\/api.w.org\/{rel}","templated":true}]}}