{"id":31918,"date":"2024-12-20T11:23:09","date_gmt":"2024-12-20T14:23:09","guid":{"rendered":"https:\/\/radiostudiow.com.br\/site\/?p=31918"},"modified":"2025-01-31T14:58:04","modified_gmt":"2025-01-31T17:58:04","slug":"van-e-consumida-pelo-fogo-na-estrada-de-acesso-a-cruz-machado-2","status":"publish","type":"post","link":"https:\/\/radiostudiow.com.br\/site\/2024\/12\/20\/van-e-consumida-pelo-fogo-na-estrada-de-acesso-a-cruz-machado-2\/","title":{"rendered":"Van \u00e9 consumida pelo fogo na estrada de acesso a Cruz Machado"},"content":{"rendered":"\n<p>O Corpo de Bombeiros de Uni\u00e3o da Vit\u00f3ria foi acionado para combater um inc\u00eandio em uma van na PR-447, sentido Cruz Machado por volta das 15:40 horas na tarde desta quinta-feira (19).<\/p>\n\n\n\n<figure class=\"wp-block-image size-full\"><img loading=\"lazy\" decoding=\"async\" width=\"598\" height=\"204\" src=\"https:\/\/radiostudiow.com.br\/site\/wp-content\/uploads\/2024\/12\/image-95.png\" alt=\"\" class=\"wp-image-31919\" srcset=\"https:\/\/radiostudiow.com.br\/site\/wp-content\/uploads\/2024\/12\/image-95.png 598w, https:\/\/radiostudiow.com.br\/site\/wp-content\/uploads\/2024\/12\/image-95-300x102.png 300w\" sizes=\"auto, (max-width: 598px) 100vw, 598px\" \/><\/figure>\n\n\n\n<p>De acordo com relatos, as chamas se espalharam rapidamente, consumindo o ve\u00edculo em poucos minutos. Pessoas que passavam pelo local ajudaram o condutor a retirar algumas caixas usadas para transporte de p\u00e3es at\u00e9 mercados da regi\u00e3o. Felizmente, ningu\u00e9m ficou ferido no incidente.<\/p>\n\n\n\n<p>Uma testemunha afirmou que, em cerca de oito minutos, o fogo tomou conta de todo o ve\u00edculo. As causas do inc\u00eandio ainda ser\u00e3o apuradas.<\/p>\n\n\n\n<figure class=\"wp-block-video\"><video height=\"850\" style=\"aspect-ratio: 478 \/ 850;\" width=\"478\" controls src=\"https:\/\/radiostudiow.com.br\/site\/wp-content\/uploads\/2024\/12\/WhatsApp-Video-2024-12-19-at-17.33.03.mp4\"><\/video><\/figure>\n","protected":false},"excerpt":{"rendered":"<p>O Corpo de Bombeiros de Uni\u00e3o da Vit\u00f3ria foi acionado para combater um inc\u00eandio em uma van na PR-447, sentido Cruz Machado por volta das 15:40 horas na tarde desta quinta-feira (19). De acordo com relatos, as chamas se espalharam rapidamente, consumindo o ve\u00edculo em poucos minutos. Pessoas que passavam pelo local ajudaram o condutor [&hellip;]<\/p>\n","protected":false},"author":2,"featured_media":31920,"comment_status":"open","ping_status":"open","sticky":false,"template":"","format":"standard","meta":{"footnotes":""},"categories":[185],"tags":[172],"class_list":["post-31918","post","type-post","status-publish","format-standard","has-post-thumbnail","hentry","category-regional","tag-featured"],"amp_enabled":true,"_links":{"self":[{"href":"https:\/\/radiostudiow.com.br\/site\/wp-json\/wp\/v2\/posts\/31918","targetHints":{"allow":["GET"]}}],"collection":[{"href":"https:\/\/radiostudiow.com.br\/site\/wp-json\/wp\/v2\/posts"}],"about":[{"href":"https:\/\/radiostudiow.com.br\/site\/wp-json\/wp\/v2\/types\/post"}],"author":[{"embeddable":true,"href":"https:\/\/radiostudiow.com.br\/site\/wp-json\/wp\/v2\/users\/2"}],"replies":[{"embeddable":true,"href":"https:\/\/radiostudiow.com.br\/site\/wp-json\/wp\/v2\/comments?post=31918"}],"version-history":[{"count":1,"href":"https:\/\/radiostudiow.com.br\/site\/wp-json\/wp\/v2\/posts\/31918\/revisions"}],"predecessor-version":[{"id":31922,"href":"https:\/\/radiostudiow.com.br\/site\/wp-json\/wp\/v2\/posts\/31918\/revisions\/31922"}],"wp:featuredmedia":[{"embeddable":true,"href":"https:\/\/radiostudiow.com.br\/site\/wp-json\/wp\/v2\/media\/31920"}],"wp:attachment":[{"href":"https:\/\/radiostudiow.com.br\/site\/wp-json\/wp\/v2\/media?parent=31918"}],"wp:term":[{"taxonomy":"category","embeddable":true,"href":"https:\/\/radiostudiow.com.br\/site\/wp-json\/wp\/v2\/categories?post=31918"},{"taxonomy":"post_tag","embeddable":true,"href":"https:\/\/radiostudiow.com.br\/site\/wp-json\/wp\/v2\/tags?post=31918"}],"curies":[{"name":"wp","href":"https:\/\/api.w.org\/{rel}","templated":true}]}}