{"id":31925,"date":"2024-12-21T09:18:37","date_gmt":"2024-12-21T12:18:37","guid":{"rendered":"https:\/\/radiostudiow.com.br\/site\/?p=31925"},"modified":"2025-01-31T14:58:04","modified_gmt":"2025-01-31T17:58:04","slug":"homologado-termo-de-recuperacao-da-br-476-entre-uniao-da-vitoria-e-sao-mateus-do-sul","status":"publish","type":"post","link":"https:\/\/radiostudiow.com.br\/site\/2024\/12\/21\/homologado-termo-de-recuperacao-da-br-476-entre-uniao-da-vitoria-e-sao-mateus-do-sul\/","title":{"rendered":"Homologado termo de recupera\u00e7\u00e3o da BR 476 entre Uni\u00e3o da Vit\u00f3ria e S\u00e3o Mateus do Sul"},"content":{"rendered":"\n<p>Foi homologado na tarde dessa quinta-feira, 19 de dezembro, o termo de recupera\u00e7\u00e3o da rodovia BR 476, trecho entre Uni\u00e3o da Vit\u00f3ria e S\u00e3o Mateus do Sul pelo minist\u00e9rio dos Transportes Departamento Nacional de Infraestrutura de Transportes DNIT.<\/p>\n\n\n\n<figure class=\"wp-block-gallery has-nested-images columns-default is-cropped wp-block-gallery-1 is-layout-flex wp-block-gallery-is-layout-flex\">\n<figure class=\"wp-block-image size-large\"><img decoding=\"async\" data-id=\"31800\" src=\"https:\/\/radiostudiow.com.br\/site\/wp-content\/uploads\/2024\/12\/469123826_1067698055367090_8061239310061310478_n-1-1024x1000.jpg\" alt=\"\" class=\"wp-image-31800\"\/><\/figure>\n\n\n\n<figure class=\"wp-block-image size-large\"><img decoding=\"async\" data-id=\"31936\" src=\"https:\/\/radiostudiow.com.br\/site\/wp-content\/uploads\/2024\/12\/ZAIONS-FEED2-1024x1000.png\" alt=\"\" class=\"wp-image-31936\"\/><\/figure>\n<\/figure>\n\n\n\n<p>Divulgado pelo pr\u00f3prio DNIT, este documento homologa o processo de contrata\u00e7\u00e3o da empresa que ser\u00e1 respons\u00e1vel pela execu\u00e7\u00e3o dos servi\u00e7os de recupera\u00e7\u00e3o, manuten\u00e7\u00e3o e conserva\u00e7\u00e3o deste trecho da BR 476. Ainda possivelmente nesta semana a ordem de servi\u00e7o ser\u00e1 assinada.<\/p>\n\n\n\n<p>De acordo com informa\u00e7\u00f5es o prazo de in\u00edcio destas obras, que teria 50 dias ap\u00f3s a assinatura, ser\u00e1 antecipado. A empresa teria 50 dias ap\u00f3s a assinatura do contrato.<\/p>\n\n\n\n<figure class=\"wp-block-image size-full\"><img loading=\"lazy\" decoding=\"async\" width=\"598\" height=\"204\" src=\"https:\/\/radiostudiow.com.br\/site\/wp-content\/uploads\/2024\/10\/labirati.png\" alt=\"\" class=\"wp-image-28854\" srcset=\"https:\/\/radiostudiow.com.br\/site\/wp-content\/uploads\/2024\/10\/labirati.png 598w, https:\/\/radiostudiow.com.br\/site\/wp-content\/uploads\/2024\/10\/labirati-300x102.png 300w\" sizes=\"auto, (max-width: 598px) 100vw, 598px\" \/><\/figure>\n\n\n\n<p>Os servi\u00e7os incluem a restaura\u00e7\u00e3o do pavimento das pistas de rolamento e dos acostamentos, al\u00e9m da conserva\u00e7\u00e3o e manuten\u00e7\u00e3o de todo trecho. A obra ultrapassa a quantia de R$99 milh\u00f5es.<\/p>\n","protected":false},"excerpt":{"rendered":"<p>Foi homologado na tarde dessa quinta-feira, 19 de dezembro, o termo de recupera\u00e7\u00e3o da rodovia BR 476, trecho entre Uni\u00e3o da Vit\u00f3ria e S\u00e3o Mateus do Sul pelo minist\u00e9rio dos Transportes Departamento Nacional de Infraestrutura de Transportes DNIT. Divulgado pelo pr\u00f3prio DNIT, este documento homologa o processo de contrata\u00e7\u00e3o da empresa que ser\u00e1 respons\u00e1vel pela [&hellip;]<\/p>\n","protected":false},"author":2,"featured_media":31926,"comment_status":"open","ping_status":"open","sticky":false,"template":"","format":"standard","meta":{"footnotes":""},"categories":[185],"tags":[172],"class_list":["post-31925","post","type-post","status-publish","format-standard","has-post-thumbnail","hentry","category-regional","tag-featured"],"amp_enabled":false,"_links":{"self":[{"href":"https:\/\/radiostudiow.com.br\/site\/wp-json\/wp\/v2\/posts\/31925","targetHints":{"allow":["GET"]}}],"collection":[{"href":"https:\/\/radiostudiow.com.br\/site\/wp-json\/wp\/v2\/posts"}],"about":[{"href":"https:\/\/radiostudiow.com.br\/site\/wp-json\/wp\/v2\/types\/post"}],"author":[{"embeddable":true,"href":"https:\/\/radiostudiow.com.br\/site\/wp-json\/wp\/v2\/users\/2"}],"replies":[{"embeddable":true,"href":"https:\/\/radiostudiow.com.br\/site\/wp-json\/wp\/v2\/comments?post=31925"}],"version-history":[{"count":1,"href":"https:\/\/radiostudiow.com.br\/site\/wp-json\/wp\/v2\/posts\/31925\/revisions"}],"predecessor-version":[{"id":31949,"href":"https:\/\/radiostudiow.com.br\/site\/wp-json\/wp\/v2\/posts\/31925\/revisions\/31949"}],"wp:featuredmedia":[{"embeddable":true,"href":"https:\/\/radiostudiow.com.br\/site\/wp-json\/wp\/v2\/media\/31926"}],"wp:attachment":[{"href":"https:\/\/radiostudiow.com.br\/site\/wp-json\/wp\/v2\/media?parent=31925"}],"wp:term":[{"taxonomy":"category","embeddable":true,"href":"https:\/\/radiostudiow.com.br\/site\/wp-json\/wp\/v2\/categories?post=31925"},{"taxonomy":"post_tag","embeddable":true,"href":"https:\/\/radiostudiow.com.br\/site\/wp-json\/wp\/v2\/tags?post=31925"}],"curies":[{"name":"wp","href":"https:\/\/api.w.org\/{rel}","templated":true}]}}