{"id":31934,"date":"2024-12-20T18:44:28","date_gmt":"2024-12-20T21:44:28","guid":{"rendered":"https:\/\/radiostudiow.com.br\/site\/?p=31934"},"modified":"2025-01-31T14:58:04","modified_gmt":"2025-01-31T17:58:04","slug":"veiculo-furtado-em-mallet-e-localizado-incendiado-em-reboucas","status":"publish","type":"post","link":"https:\/\/radiostudiow.com.br\/site\/2024\/12\/20\/veiculo-furtado-em-mallet-e-localizado-incendiado-em-reboucas\/","title":{"rendered":"Ve\u00edculo furtado em Mallet \u00e9 localizado incendiado em Rebou\u00e7as"},"content":{"rendered":"\n<p>A equipe da Pol\u00edcia Militar repassou as informa\u00e7\u00f5es de que um ve\u00edculo VW\/Parati GL, de cor prata, foi encontrado abandonado e parcialmente queimado em uma estrada rural da regi\u00e3o do Rio Bonito, interior de Rebou\u00e7as.<\/p>\n\n\n\n<figure class=\"wp-block-image size-full\"><img loading=\"lazy\" decoding=\"async\" width=\"897\" height=\"204\" src=\"https:\/\/radiostudiow.com.br\/site\/wp-content\/uploads\/2024\/08\/TIJOLAO.png\" alt=\"\" class=\"wp-image-25951\" srcset=\"https:\/\/radiostudiow.com.br\/site\/wp-content\/uploads\/2024\/08\/TIJOLAO.png 897w, https:\/\/radiostudiow.com.br\/site\/wp-content\/uploads\/2024\/08\/TIJOLAO-300x68.png 300w, https:\/\/radiostudiow.com.br\/site\/wp-content\/uploads\/2024\/08\/TIJOLAO-768x175.png 768w\" sizes=\"auto, (max-width: 897px) 100vw, 897px\" \/><\/figure>\n\n\n\n<figure class=\"wp-block-image size-full\"><img loading=\"lazy\" decoding=\"async\" width=\"900\" height=\"408\" src=\"https:\/\/radiostudiow.com.br\/site\/wp-content\/uploads\/2024\/09\/image-64-1.png\" alt=\"\" class=\"wp-image-28207\" srcset=\"https:\/\/radiostudiow.com.br\/site\/wp-content\/uploads\/2024\/09\/image-64-1.png 900w, https:\/\/radiostudiow.com.br\/site\/wp-content\/uploads\/2024\/09\/image-64-1-300x136.png 300w, https:\/\/radiostudiow.com.br\/site\/wp-content\/uploads\/2024\/09\/image-64-1-768x348.png 768w\" sizes=\"auto, (max-width: 900px) 100vw, 900px\" \/><\/figure>\n\n\n\n<p>Ap\u00f3s averigua\u00e7\u00f5es, constatou-se que o autom\u00f3vel tinha alerta de furto registrado na cidade de Mallet, durante a madrugada de domingo (15). O propriet\u00e1rio estava participando de uma formatura, quando retornou, n\u00e3o localizou mais o ve\u00edculo.<\/p>\n\n\n\n<p>O ve\u00edculo foi recolhido e encaminhado para a 41\u00aa Delegacia Regional de Pol\u00edcia (DRP) para os procedimentos legais. A Pol\u00edcia Civil continuar\u00e1 \u00e0s investiga\u00e7\u00f5es para identificar os respons\u00e1veis \u200b\u200bpelo furto.<\/p>\n\n\n\n<figure class=\"wp-block-gallery has-nested-images columns-default is-cropped wp-block-gallery-1 is-layout-flex wp-block-gallery-is-layout-flex\">\n<figure class=\"wp-block-image size-large\"><img decoding=\"async\" data-id=\"31800\" src=\"https:\/\/radiostudiow.com.br\/site\/wp-content\/uploads\/2024\/12\/469123826_1067698055367090_8061239310061310478_n-1-1024x1000.jpg\" alt=\"\" class=\"wp-image-31800\"\/><\/figure>\n\n\n\n<figure class=\"wp-block-image size-large\"><img decoding=\"async\" data-id=\"31936\" src=\"https:\/\/radiostudiow.com.br\/site\/wp-content\/uploads\/2024\/12\/ZAIONS-FEED2-1024x1000.png\" alt=\"\" class=\"wp-image-31936\"\/><\/figure>\n<\/figure>\n\n\n\n<p><em><strong>A Pol\u00edcia Militar refor\u00e7a a import\u00e2ncia de a popula\u00e7\u00e3o colaborar com informa\u00e7\u00f5es que possam auxiliar na elucida\u00e7\u00e3o de crimes e na localiza\u00e7\u00e3o de ve\u00edculos furtados ou roubados. As den\u00fancias podem ser realizadas de forma an\u00f4nima atrav\u00e9s dos canais oficiais ou no telefone 190.<\/strong><\/em><\/p>\n\n\n\n<p><em>Com informa\u00e7\u00f5es da Pol\u00edcia Militar.<\/em><\/p>\n","protected":false},"excerpt":{"rendered":"<p>A equipe da Pol\u00edcia Militar repassou as informa\u00e7\u00f5es de que um ve\u00edculo VW\/Parati GL, de cor prata, foi encontrado abandonado e parcialmente queimado em uma estrada rural da regi\u00e3o do Rio Bonito, interior de Rebou\u00e7as. Ap\u00f3s averigua\u00e7\u00f5es, constatou-se que o autom\u00f3vel tinha alerta de furto registrado na cidade de Mallet, durante a madrugada de domingo [&hellip;]<\/p>\n","protected":false},"author":2,"featured_media":31935,"comment_status":"open","ping_status":"open","sticky":false,"template":"","format":"standard","meta":{"footnotes":""},"categories":[2],"tags":[172],"class_list":["post-31934","post","type-post","status-publish","format-standard","has-post-thumbnail","hentry","category-policial","tag-featured"],"amp_enabled":true,"_links":{"self":[{"href":"https:\/\/radiostudiow.com.br\/site\/wp-json\/wp\/v2\/posts\/31934","targetHints":{"allow":["GET"]}}],"collection":[{"href":"https:\/\/radiostudiow.com.br\/site\/wp-json\/wp\/v2\/posts"}],"about":[{"href":"https:\/\/radiostudiow.com.br\/site\/wp-json\/wp\/v2\/types\/post"}],"author":[{"embeddable":true,"href":"https:\/\/radiostudiow.com.br\/site\/wp-json\/wp\/v2\/users\/2"}],"replies":[{"embeddable":true,"href":"https:\/\/radiostudiow.com.br\/site\/wp-json\/wp\/v2\/comments?post=31934"}],"version-history":[{"count":2,"href":"https:\/\/radiostudiow.com.br\/site\/wp-json\/wp\/v2\/posts\/31934\/revisions"}],"predecessor-version":[{"id":31938,"href":"https:\/\/radiostudiow.com.br\/site\/wp-json\/wp\/v2\/posts\/31934\/revisions\/31938"}],"wp:featuredmedia":[{"embeddable":true,"href":"https:\/\/radiostudiow.com.br\/site\/wp-json\/wp\/v2\/media\/31935"}],"wp:attachment":[{"href":"https:\/\/radiostudiow.com.br\/site\/wp-json\/wp\/v2\/media?parent=31934"}],"wp:term":[{"taxonomy":"category","embeddable":true,"href":"https:\/\/radiostudiow.com.br\/site\/wp-json\/wp\/v2\/categories?post=31934"},{"taxonomy":"post_tag","embeddable":true,"href":"https:\/\/radiostudiow.com.br\/site\/wp-json\/wp\/v2\/tags?post=31934"}],"curies":[{"name":"wp","href":"https:\/\/api.w.org\/{rel}","templated":true}]}}