{"id":31939,"date":"2024-12-21T09:14:26","date_gmt":"2024-12-21T12:14:26","guid":{"rendered":"https:\/\/radiostudiow.com.br\/site\/?p=31939"},"modified":"2025-01-31T14:58:04","modified_gmt":"2025-01-31T17:58:04","slug":"acidente-na-br-153-entre-irati-e-reboucas-mobiliza-prf","status":"publish","type":"post","link":"https:\/\/radiostudiow.com.br\/site\/2024\/12\/21\/acidente-na-br-153-entre-irati-e-reboucas-mobiliza-prf\/","title":{"rendered":"Acidente na BR-153 entre Irati e Rebou\u00e7as mobiliza PRF"},"content":{"rendered":"\n<p>A equipe da Pol\u00edcia Rodovi\u00e1ria Federal (PRF) atendeu um acidente de tr\u00e2nsito do tipo sa\u00edda de pista na BR-153, pr\u00f3ximo ao KM 343, na divisa entre os munic\u00edpios de Irati e Rebou\u00e7as por volta das 06 horas dessa sexta-feira (20).<\/p>\n\n\n\n<figure class=\"wp-block-image size-full\"><img loading=\"lazy\" decoding=\"async\" width=\"598\" height=\"204\" src=\"https:\/\/radiostudiow.com.br\/site\/wp-content\/uploads\/2024\/12\/image-95.png\" alt=\"\" class=\"wp-image-31919\" srcset=\"https:\/\/radiostudiow.com.br\/site\/wp-content\/uploads\/2024\/12\/image-95.png 598w, https:\/\/radiostudiow.com.br\/site\/wp-content\/uploads\/2024\/12\/image-95-300x102.png 300w\" sizes=\"auto, (max-width: 598px) 100vw, 598px\" \/><\/figure>\n\n\n\n<p>A colis\u00e3o envolveu um ve\u00edculo Audi A3 de cor cinza, com placas do munic\u00edpio de Rebou\u00e7as. Segundo informa\u00e7\u00f5es preliminares, o carro saiu da pista e parou fora da rodovia, mas o condutor n\u00e3o foi encontrado no local.<\/p>\n\n\n\n<p>As causas do acidente ainda est\u00e3o sendo investigadas, e a PRF segue apurando informa\u00e7\u00f5es para identificar o motorista e esclarecer os fatos.<\/p>\n\n\n\n<figure class=\"wp-block-image size-large\"><img loading=\"lazy\" decoding=\"async\" width=\"1024\" height=\"451\" src=\"https:\/\/radiostudiow.com.br\/site\/wp-content\/uploads\/2024\/11\/voce-tem-em-quem-confiar-nos-te-ajudamos-a-se-proteger-dos-golpes_1200x1200-1024x451.png\" alt=\"\" class=\"wp-image-30588\" srcset=\"https:\/\/radiostudiow.com.br\/site\/wp-content\/uploads\/2024\/11\/voce-tem-em-quem-confiar-nos-te-ajudamos-a-se-proteger-dos-golpes_1200x1200-1024x451.png 1024w, https:\/\/radiostudiow.com.br\/site\/wp-content\/uploads\/2024\/11\/voce-tem-em-quem-confiar-nos-te-ajudamos-a-se-proteger-dos-golpes_1200x1200-300x132.png 300w, https:\/\/radiostudiow.com.br\/site\/wp-content\/uploads\/2024\/11\/voce-tem-em-quem-confiar-nos-te-ajudamos-a-se-proteger-dos-golpes_1200x1200-768x339.png 768w, https:\/\/radiostudiow.com.br\/site\/wp-content\/uploads\/2024\/11\/voce-tem-em-quem-confiar-nos-te-ajudamos-a-se-proteger-dos-golpes_1200x1200.png 1200w\" sizes=\"auto, (max-width: 1024px) 100vw, 1024px\" \/><\/figure>\n\n\n\n<p>N\u00e3o houve relatos de feridos adicionais ou de bloqueio no tr\u00e2nsito da rodovia em ocorr\u00eancia de acidente. A PRF refor\u00e7a a import\u00e2ncia de dirigir com aten\u00e7\u00e3o e respeitar os limites de velocidade, especialmente durante o per\u00edodo de festas, quando o movimento intenso.<\/p>\n","protected":false},"excerpt":{"rendered":"<p>A equipe da Pol\u00edcia Rodovi\u00e1ria Federal (PRF) atendeu um acidente de tr\u00e2nsito do tipo sa\u00edda de pista na BR-153, pr\u00f3ximo ao KM 343, na divisa entre os munic\u00edpios de Irati e Rebou\u00e7as por volta das 06 horas dessa sexta-feira (20). A colis\u00e3o envolveu um ve\u00edculo Audi A3 de cor cinza, com placas do munic\u00edpio de [&hellip;]<\/p>\n","protected":false},"author":2,"featured_media":31941,"comment_status":"open","ping_status":"open","sticky":false,"template":"","format":"standard","meta":{"footnotes":""},"categories":[2],"tags":[172],"class_list":["post-31939","post","type-post","status-publish","format-standard","has-post-thumbnail","hentry","category-policial","tag-featured"],"amp_enabled":true,"_links":{"self":[{"href":"https:\/\/radiostudiow.com.br\/site\/wp-json\/wp\/v2\/posts\/31939","targetHints":{"allow":["GET"]}}],"collection":[{"href":"https:\/\/radiostudiow.com.br\/site\/wp-json\/wp\/v2\/posts"}],"about":[{"href":"https:\/\/radiostudiow.com.br\/site\/wp-json\/wp\/v2\/types\/post"}],"author":[{"embeddable":true,"href":"https:\/\/radiostudiow.com.br\/site\/wp-json\/wp\/v2\/users\/2"}],"replies":[{"embeddable":true,"href":"https:\/\/radiostudiow.com.br\/site\/wp-json\/wp\/v2\/comments?post=31939"}],"version-history":[{"count":3,"href":"https:\/\/radiostudiow.com.br\/site\/wp-json\/wp\/v2\/posts\/31939\/revisions"}],"predecessor-version":[{"id":31948,"href":"https:\/\/radiostudiow.com.br\/site\/wp-json\/wp\/v2\/posts\/31939\/revisions\/31948"}],"wp:featuredmedia":[{"embeddable":true,"href":"https:\/\/radiostudiow.com.br\/site\/wp-json\/wp\/v2\/media\/31941"}],"wp:attachment":[{"href":"https:\/\/radiostudiow.com.br\/site\/wp-json\/wp\/v2\/media?parent=31939"}],"wp:term":[{"taxonomy":"category","embeddable":true,"href":"https:\/\/radiostudiow.com.br\/site\/wp-json\/wp\/v2\/categories?post=31939"},{"taxonomy":"post_tag","embeddable":true,"href":"https:\/\/radiostudiow.com.br\/site\/wp-json\/wp\/v2\/tags?post=31939"}],"curies":[{"name":"wp","href":"https:\/\/api.w.org\/{rel}","templated":true}]}}