{"id":31962,"date":"2024-12-21T12:09:27","date_gmt":"2024-12-21T15:09:27","guid":{"rendered":"https:\/\/radiostudiow.com.br\/site\/?p=31962"},"modified":"2025-01-31T14:58:04","modified_gmt":"2025-01-31T17:58:04","slug":"motocicleta-furtada-e-recuperada-pela-policia-em-sao-joao-do-triunfo","status":"publish","type":"post","link":"https:\/\/radiostudiow.com.br\/site\/2024\/12\/21\/motocicleta-furtada-e-recuperada-pela-policia-em-sao-joao-do-triunfo\/","title":{"rendered":"Motocicleta furtada \u00e9 recuperada pela pol\u00edcia em S\u00e3o Jo\u00e3o do Triunfo"},"content":{"rendered":"\n<p>Na manh\u00e3 desta ter\u00e7a-feira (17), por volta das 10h20, durante patrulhamento no bairro Centen\u00e1rio, a equipe policial avistou uma motocicleta com alerta de furto\/roubo.<\/p>\n\n\n\n<figure class=\"wp-block-image size-full\"><img loading=\"lazy\" decoding=\"async\" width=\"590\" height=\"204\" src=\"https:\/\/radiostudiow.com.br\/site\/wp-content\/uploads\/2024\/04\/image-27.png\" alt=\"\" class=\"wp-image-21280\" srcset=\"https:\/\/radiostudiow.com.br\/site\/wp-content\/uploads\/2024\/04\/image-27.png 590w, https:\/\/radiostudiow.com.br\/site\/wp-content\/uploads\/2024\/04\/image-27-300x104.png 300w\" sizes=\"auto, (max-width: 590px) 100vw, 590px\" \/><\/figure>\n\n\n\n<p>Diante da situa\u00e7\u00e3o, foi realizada a abordagem. Ap\u00f3s as dilig\u00eancias, o condutor informou ter adquirido a motocicleta em outubro, de um indiv\u00edduo na cidade de Canoinhas.<\/p>\n\n\n\n<p>A <a><\/a>motocicleta e os envolvidos foram encaminhados \u00e0 Delegacia de S\u00e3o Jo\u00e3o do Triunfo para os procedimentos cab\u00edveis.<\/p>\n","protected":false},"excerpt":{"rendered":"<p>Na manh\u00e3 desta ter\u00e7a-feira (17), por volta das 10h20, durante patrulhamento no bairro Centen\u00e1rio, a equipe policial avistou uma motocicleta com alerta de furto\/roubo. Diante da situa\u00e7\u00e3o, foi realizada a abordagem. Ap\u00f3s as dilig\u00eancias, o condutor informou ter adquirido a motocicleta em outubro, de um indiv\u00edduo na cidade de Canoinhas. A motocicleta e os envolvidos [&hellip;]<\/p>\n","protected":false},"author":2,"featured_media":31964,"comment_status":"open","ping_status":"open","sticky":false,"template":"","format":"standard","meta":{"footnotes":""},"categories":[2],"tags":[172],"class_list":["post-31962","post","type-post","status-publish","format-standard","has-post-thumbnail","hentry","category-policial","tag-featured"],"amp_enabled":true,"_links":{"self":[{"href":"https:\/\/radiostudiow.com.br\/site\/wp-json\/wp\/v2\/posts\/31962","targetHints":{"allow":["GET"]}}],"collection":[{"href":"https:\/\/radiostudiow.com.br\/site\/wp-json\/wp\/v2\/posts"}],"about":[{"href":"https:\/\/radiostudiow.com.br\/site\/wp-json\/wp\/v2\/types\/post"}],"author":[{"embeddable":true,"href":"https:\/\/radiostudiow.com.br\/site\/wp-json\/wp\/v2\/users\/2"}],"replies":[{"embeddable":true,"href":"https:\/\/radiostudiow.com.br\/site\/wp-json\/wp\/v2\/comments?post=31962"}],"version-history":[{"count":2,"href":"https:\/\/radiostudiow.com.br\/site\/wp-json\/wp\/v2\/posts\/31962\/revisions"}],"predecessor-version":[{"id":31965,"href":"https:\/\/radiostudiow.com.br\/site\/wp-json\/wp\/v2\/posts\/31962\/revisions\/31965"}],"wp:featuredmedia":[{"embeddable":true,"href":"https:\/\/radiostudiow.com.br\/site\/wp-json\/wp\/v2\/media\/31964"}],"wp:attachment":[{"href":"https:\/\/radiostudiow.com.br\/site\/wp-json\/wp\/v2\/media?parent=31962"}],"wp:term":[{"taxonomy":"category","embeddable":true,"href":"https:\/\/radiostudiow.com.br\/site\/wp-json\/wp\/v2\/categories?post=31962"},{"taxonomy":"post_tag","embeddable":true,"href":"https:\/\/radiostudiow.com.br\/site\/wp-json\/wp\/v2\/tags?post=31962"}],"curies":[{"name":"wp","href":"https:\/\/api.w.org\/{rel}","templated":true}]}}