{"id":31971,"date":"2024-12-23T09:32:04","date_gmt":"2024-12-23T12:32:04","guid":{"rendered":"https:\/\/radiostudiow.com.br\/site\/?p=31971"},"modified":"2025-01-31T14:58:04","modified_gmt":"2025-01-31T17:58:04","slug":"homem-natural-de-paulo-frontin-e-encontrado-morto-em-sao-mateus-do-sul","status":"publish","type":"post","link":"https:\/\/radiostudiow.com.br\/site\/2024\/12\/23\/homem-natural-de-paulo-frontin-e-encontrado-morto-em-sao-mateus-do-sul\/","title":{"rendered":"Homem natural de Paulo Frontin \u00e9 encontrado morto em S\u00e3o Mateus do Sul"},"content":{"rendered":"\n<p>No in\u00edcio da tarde deste s\u00e1bado, 21 de dezembro, um homem foi encontrado morto no interior do munic\u00edpio de S\u00e3o Mateus do Sul, na regi\u00e3o do distrito de Fluvi\u00f3polis, Vila Rural.<\/p>\n\n\n\n<p>Segundo informa\u00e7\u00f5es obtidas pelo Portal Clic Sul News, o homem, identificado como Laureci Ros\u00e1rio, de 47 anos, era natural da cidade de Paulo Frontin, mas estava morando no local onde trabalhava para os propriet\u00e1rios da resid\u00eancia.<\/p>\n\n\n\n<figure class=\"wp-block-gallery has-nested-images columns-default is-cropped wp-block-gallery-1 is-layout-flex wp-block-gallery-is-layout-flex\">\n<figure class=\"wp-block-image size-large\"><img decoding=\"async\" data-id=\"31800\" src=\"https:\/\/radiostudiow.com.br\/site\/wp-content\/uploads\/2024\/12\/469123826_1067698055367090_8061239310061310478_n-1-1024x1000.jpg\" alt=\"\" class=\"wp-image-31800\"\/><\/figure>\n\n\n\n<figure class=\"wp-block-image size-large\"><img decoding=\"async\" data-id=\"31936\" src=\"https:\/\/radiostudiow.com.br\/site\/wp-content\/uploads\/2024\/12\/ZAIONS-FEED2-1024x1000.png\" alt=\"\" class=\"wp-image-31936\"\/><\/figure>\n<\/figure>\n\n\n\n<p>A <a><\/a>aus\u00eancia de Laureci durante o dia levantou suspeitas, e, ap\u00f3s buscas realizadas pelo dono da propriedade, ele foi encontrado sem vida dentro da casa. H\u00e1 ind\u00edcios de que a causa da morte possa ter sido suic\u00eddio, mas as circunst\u00e2ncias ainda est\u00e3o sendo investigadas.<\/p>\n\n\n\n<p>O Instituto M\u00e9dico Legal (IML) de Uni\u00e3o da Vit\u00f3ria foi acionado pela Pol\u00edcia Civil para realizar os procedimentos necess\u00e1rios e recolher o corpo.<\/p>\n","protected":false},"excerpt":{"rendered":"<p>No in\u00edcio da tarde deste s\u00e1bado, 21 de dezembro, um homem foi encontrado morto no interior do munic\u00edpio de S\u00e3o Mateus do Sul, na regi\u00e3o do distrito de Fluvi\u00f3polis, Vila Rural. Segundo informa\u00e7\u00f5es obtidas pelo Portal Clic Sul News, o homem, identificado como Laureci Ros\u00e1rio, de 47 anos, era natural da cidade de Paulo Frontin, [&hellip;]<\/p>\n","protected":false},"author":2,"featured_media":31972,"comment_status":"open","ping_status":"open","sticky":false,"template":"","format":"standard","meta":{"footnotes":""},"categories":[185],"tags":[172],"class_list":["post-31971","post","type-post","status-publish","format-standard","has-post-thumbnail","hentry","category-regional","tag-featured"],"amp_enabled":true,"_links":{"self":[{"href":"https:\/\/radiostudiow.com.br\/site\/wp-json\/wp\/v2\/posts\/31971","targetHints":{"allow":["GET"]}}],"collection":[{"href":"https:\/\/radiostudiow.com.br\/site\/wp-json\/wp\/v2\/posts"}],"about":[{"href":"https:\/\/radiostudiow.com.br\/site\/wp-json\/wp\/v2\/types\/post"}],"author":[{"embeddable":true,"href":"https:\/\/radiostudiow.com.br\/site\/wp-json\/wp\/v2\/users\/2"}],"replies":[{"embeddable":true,"href":"https:\/\/radiostudiow.com.br\/site\/wp-json\/wp\/v2\/comments?post=31971"}],"version-history":[{"count":1,"href":"https:\/\/radiostudiow.com.br\/site\/wp-json\/wp\/v2\/posts\/31971\/revisions"}],"predecessor-version":[{"id":31973,"href":"https:\/\/radiostudiow.com.br\/site\/wp-json\/wp\/v2\/posts\/31971\/revisions\/31973"}],"wp:featuredmedia":[{"embeddable":true,"href":"https:\/\/radiostudiow.com.br\/site\/wp-json\/wp\/v2\/media\/31972"}],"wp:attachment":[{"href":"https:\/\/radiostudiow.com.br\/site\/wp-json\/wp\/v2\/media?parent=31971"}],"wp:term":[{"taxonomy":"category","embeddable":true,"href":"https:\/\/radiostudiow.com.br\/site\/wp-json\/wp\/v2\/categories?post=31971"},{"taxonomy":"post_tag","embeddable":true,"href":"https:\/\/radiostudiow.com.br\/site\/wp-json\/wp\/v2\/tags?post=31971"}],"curies":[{"name":"wp","href":"https:\/\/api.w.org\/{rel}","templated":true}]}}