{"id":31977,"date":"2024-12-23T09:42:15","date_gmt":"2024-12-23T12:42:15","guid":{"rendered":"https:\/\/radiostudiow.com.br\/site\/?p=31977"},"modified":"2025-01-31T14:58:04","modified_gmt":"2025-01-31T17:58:04","slug":"motorista-morre-apos-acidente-na-br-153-em-imbituva","status":"publish","type":"post","link":"https:\/\/radiostudiow.com.br\/site\/2024\/12\/23\/motorista-morre-apos-acidente-na-br-153-em-imbituva\/","title":{"rendered":"Motorista morre ap\u00f3s acidente na BR-153 em Imbituva"},"content":{"rendered":"\n<p>Um homem morreu ap\u00f3s um acidente envolvendo um ve\u00edculo Fox e um caminh\u00e3o na BR-153, na localidade de Barro Preto, em Imbituva, por volta das 21 h de sexta-feira. O condutor do Fox, Ronaldo T\u00falio, de 37 anos, faleceu no local. J\u00e1 o motorista do caminh\u00e3o, de 24 anos, n\u00e3o se feriu. Ele realizou o teste do baf\u00f4metro com resultado negativo para ingest\u00e3o de \u00e1lcool.<\/p>\n\n\n\n<figure class=\"wp-block-image size-full\"><img loading=\"lazy\" decoding=\"async\" width=\"598\" height=\"204\" src=\"https:\/\/radiostudiow.com.br\/site\/wp-content\/uploads\/2024\/10\/labirati.png\" alt=\"\" class=\"wp-image-28854\" srcset=\"https:\/\/radiostudiow.com.br\/site\/wp-content\/uploads\/2024\/10\/labirati.png 598w, https:\/\/radiostudiow.com.br\/site\/wp-content\/uploads\/2024\/10\/labirati-300x102.png 300w\" sizes=\"auto, (max-width: 598px) 100vw, 598px\" \/><\/figure>\n\n\n\n<p>Segundo informa\u00e7\u00f5es da Pol\u00edcia Rodovi\u00e1ria Federal (PRF), o Fox colidiu frontalmente contra um caminh\u00e3o Volkswagen 24.280 CRM 6\u00d72, que estava estacionado na contram\u00e3o realizando um transbordo de uma carga de botij\u00e3o de g\u00e1s de outro caminh\u00e3o. Equipes do SAMU de Imbituva e de Irati e do Corpo de Bombeiros de Irati prestaram atendimento no local e constataram o \u00f3bito do motorista do Fox.<\/p>\n\n\n\n<p>N\u00e3o houve necessidade de interditar a rodovia em fun\u00e7\u00e3o do acidente. Mesmo assim, a PRF s\u00f3 concluiu os procedimentos na madrugada de s\u00e1bado, por volta das 02 horas.<\/p>\n","protected":false},"excerpt":{"rendered":"<p>Um homem morreu ap\u00f3s um acidente envolvendo um ve\u00edculo Fox e um caminh\u00e3o na BR-153, na localidade de Barro Preto, em Imbituva, por volta das 21 h de sexta-feira. O condutor do Fox, Ronaldo T\u00falio, de 37 anos, faleceu no local. J\u00e1 o motorista do caminh\u00e3o, de 24 anos, n\u00e3o se feriu. Ele realizou o [&hellip;]<\/p>\n","protected":false},"author":2,"featured_media":31978,"comment_status":"open","ping_status":"open","sticky":false,"template":"","format":"standard","meta":{"footnotes":""},"categories":[185],"tags":[172],"class_list":["post-31977","post","type-post","status-publish","format-standard","has-post-thumbnail","hentry","category-regional","tag-featured"],"amp_enabled":true,"_links":{"self":[{"href":"https:\/\/radiostudiow.com.br\/site\/wp-json\/wp\/v2\/posts\/31977","targetHints":{"allow":["GET"]}}],"collection":[{"href":"https:\/\/radiostudiow.com.br\/site\/wp-json\/wp\/v2\/posts"}],"about":[{"href":"https:\/\/radiostudiow.com.br\/site\/wp-json\/wp\/v2\/types\/post"}],"author":[{"embeddable":true,"href":"https:\/\/radiostudiow.com.br\/site\/wp-json\/wp\/v2\/users\/2"}],"replies":[{"embeddable":true,"href":"https:\/\/radiostudiow.com.br\/site\/wp-json\/wp\/v2\/comments?post=31977"}],"version-history":[{"count":2,"href":"https:\/\/radiostudiow.com.br\/site\/wp-json\/wp\/v2\/posts\/31977\/revisions"}],"predecessor-version":[{"id":31980,"href":"https:\/\/radiostudiow.com.br\/site\/wp-json\/wp\/v2\/posts\/31977\/revisions\/31980"}],"wp:featuredmedia":[{"embeddable":true,"href":"https:\/\/radiostudiow.com.br\/site\/wp-json\/wp\/v2\/media\/31978"}],"wp:attachment":[{"href":"https:\/\/radiostudiow.com.br\/site\/wp-json\/wp\/v2\/media?parent=31977"}],"wp:term":[{"taxonomy":"category","embeddable":true,"href":"https:\/\/radiostudiow.com.br\/site\/wp-json\/wp\/v2\/categories?post=31977"},{"taxonomy":"post_tag","embeddable":true,"href":"https:\/\/radiostudiow.com.br\/site\/wp-json\/wp\/v2\/tags?post=31977"}],"curies":[{"name":"wp","href":"https:\/\/api.w.org\/{rel}","templated":true}]}}