{"id":31981,"date":"2024-12-23T09:47:02","date_gmt":"2024-12-23T12:47:02","guid":{"rendered":"https:\/\/radiostudiow.com.br\/site\/?p=31981"},"modified":"2025-01-31T14:58:04","modified_gmt":"2025-01-31T17:58:04","slug":"jovem-que-morreu-em-acidente-em-paula-fretias-foi-sepultado-sabado-21","status":"publish","type":"post","link":"https:\/\/radiostudiow.com.br\/site\/2024\/12\/23\/jovem-que-morreu-em-acidente-em-paula-fretias-foi-sepultado-sabado-21\/","title":{"rendered":"Jovem que morreu em acidente em Paula Fretias foi sepultado s\u00e1bado (21)"},"content":{"rendered":"\n<p>Na tarde de quinta-feira, 19 de dezembro, um grave acidente foi registrado na localidade de Faxinal, zona rural de Paula Freitas, resultando em uma trag\u00e9dia.<\/p>\n\n\n\n<p>A colis\u00e3o frontal envolveu uma motocicleta e um autom\u00f3vel, vitimando fatalmente Lucas Rafael Schneider, morador do interior de Porto Uni\u00e3o.<\/p>\n\n\n\n<figure class=\"wp-block-image size-full\"><img loading=\"lazy\" decoding=\"async\" width=\"897\" height=\"204\" src=\"https:\/\/radiostudiow.com.br\/site\/wp-content\/uploads\/2024\/08\/TIJOLAO.png\" alt=\"\" class=\"wp-image-25951\" srcset=\"https:\/\/radiostudiow.com.br\/site\/wp-content\/uploads\/2024\/08\/TIJOLAO.png 897w, https:\/\/radiostudiow.com.br\/site\/wp-content\/uploads\/2024\/08\/TIJOLAO-300x68.png 300w, https:\/\/radiostudiow.com.br\/site\/wp-content\/uploads\/2024\/08\/TIJOLAO-768x175.png 768w\" sizes=\"auto, (max-width: 897px) 100vw, 897px\" \/><\/figure>\n\n\n\n<p>Lucas estava retornando de suas atividades de trabalho na regi\u00e3o quando aconteceu o acidente.\u00a0O impacto foi t\u00e3o intenso que ele morreu ainda no local.\u00a0O motorista do autom\u00f3vel envolvido recebeu atendimento no local e, felizmente, n\u00e3o sofreu ferimentos graves.<\/p>\n\n\n\n<p>Lucas Rafael Schneider foi sepultado no s\u00e1bado, 21, na comunidade de S\u00e3o Pedro do Timb\u00f3.<\/p>\n\n\n\n<figure class=\"wp-block-embed is-type-wp-embed is-provider-studio-w wp-block-embed-studio-w\"><div class=\"wp-block-embed__wrapper\">\n<blockquote class=\"wp-embedded-content\" data-secret=\"KlwrHqi0Sa\"><a href=\"https:\/\/radiostudiow.com.br\/site\/2024\/12\/20\/motociclista-perde-a-vida-apos-colidir-em-carro-no-interior-de-paula-freitas\/\">Motociclista perde a vida ap\u00f3s colidir em carro no interior de Paula Freitas<\/a><\/blockquote><iframe loading=\"lazy\" class=\"wp-embedded-content\" sandbox=\"allow-scripts\" security=\"restricted\" style=\"position: absolute; visibility: hidden;\" title=\"&#8220;Motociclista perde a vida ap\u00f3s colidir em carro no interior de Paula Freitas&#8221; &#8212; Studio W\" src=\"https:\/\/radiostudiow.com.br\/site\/2024\/12\/20\/motociclista-perde-a-vida-apos-colidir-em-carro-no-interior-de-paula-freitas\/embed\/#?secret=emsA2UO9BP#?secret=KlwrHqi0Sa\" data-secret=\"KlwrHqi0Sa\" width=\"600\" height=\"338\" frameborder=\"0\" marginwidth=\"0\" marginheight=\"0\" scrolling=\"no\"><\/iframe>\n<\/div><\/figure>\n\n\n\n<figure class=\"wp-block-image size-full\"><img loading=\"lazy\" decoding=\"async\" width=\"600\" height=\"600\" src=\"https:\/\/radiostudiow.com.br\/site\/wp-content\/uploads\/2024\/12\/image-103.png\" alt=\"\" class=\"wp-image-31982\" srcset=\"https:\/\/radiostudiow.com.br\/site\/wp-content\/uploads\/2024\/12\/image-103.png 600w, https:\/\/radiostudiow.com.br\/site\/wp-content\/uploads\/2024\/12\/image-103-300x300.png 300w, https:\/\/radiostudiow.com.br\/site\/wp-content\/uploads\/2024\/12\/image-103-80x80.png 80w\" sizes=\"auto, (max-width: 600px) 100vw, 600px\" \/><\/figure>\n","protected":false},"excerpt":{"rendered":"<p>Na tarde de quinta-feira, 19 de dezembro, um grave acidente foi registrado na localidade de Faxinal, zona rural de Paula Freitas, resultando em uma trag\u00e9dia. A colis\u00e3o frontal envolveu uma motocicleta e um autom\u00f3vel, vitimando fatalmente Lucas Rafael Schneider, morador do interior de Porto Uni\u00e3o. Lucas estava retornando de suas atividades de trabalho na regi\u00e3o [&hellip;]<\/p>\n","protected":false},"author":2,"featured_media":31983,"comment_status":"open","ping_status":"open","sticky":false,"template":"","format":"standard","meta":{"footnotes":""},"categories":[185],"tags":[172],"class_list":["post-31981","post","type-post","status-publish","format-standard","has-post-thumbnail","hentry","category-regional","tag-featured"],"amp_enabled":true,"_links":{"self":[{"href":"https:\/\/radiostudiow.com.br\/site\/wp-json\/wp\/v2\/posts\/31981","targetHints":{"allow":["GET"]}}],"collection":[{"href":"https:\/\/radiostudiow.com.br\/site\/wp-json\/wp\/v2\/posts"}],"about":[{"href":"https:\/\/radiostudiow.com.br\/site\/wp-json\/wp\/v2\/types\/post"}],"author":[{"embeddable":true,"href":"https:\/\/radiostudiow.com.br\/site\/wp-json\/wp\/v2\/users\/2"}],"replies":[{"embeddable":true,"href":"https:\/\/radiostudiow.com.br\/site\/wp-json\/wp\/v2\/comments?post=31981"}],"version-history":[{"count":1,"href":"https:\/\/radiostudiow.com.br\/site\/wp-json\/wp\/v2\/posts\/31981\/revisions"}],"predecessor-version":[{"id":31984,"href":"https:\/\/radiostudiow.com.br\/site\/wp-json\/wp\/v2\/posts\/31981\/revisions\/31984"}],"wp:featuredmedia":[{"embeddable":true,"href":"https:\/\/radiostudiow.com.br\/site\/wp-json\/wp\/v2\/media\/31983"}],"wp:attachment":[{"href":"https:\/\/radiostudiow.com.br\/site\/wp-json\/wp\/v2\/media?parent=31981"}],"wp:term":[{"taxonomy":"category","embeddable":true,"href":"https:\/\/radiostudiow.com.br\/site\/wp-json\/wp\/v2\/categories?post=31981"},{"taxonomy":"post_tag","embeddable":true,"href":"https:\/\/radiostudiow.com.br\/site\/wp-json\/wp\/v2\/tags?post=31981"}],"curies":[{"name":"wp","href":"https:\/\/api.w.org\/{rel}","templated":true}]}}