{"id":31985,"date":"2024-12-23T09:50:14","date_gmt":"2024-12-23T12:50:14","guid":{"rendered":"https:\/\/radiostudiow.com.br\/site\/?p=31985"},"modified":"2025-01-31T14:58:04","modified_gmt":"2025-01-31T17:58:04","slug":"jovem-de-23-anos-e-morto-um-dia-antes-do-aniversario-em-uniao-da-vitoria","status":"publish","type":"post","link":"https:\/\/radiostudiow.com.br\/site\/2024\/12\/23\/jovem-de-23-anos-e-morto-um-dia-antes-do-aniversario-em-uniao-da-vitoria\/","title":{"rendered":"Jovem de 23 anos \u00e9 morto um dia antes do anivers\u00e1rio em Uni\u00e3o da Vit\u00f3ria"},"content":{"rendered":"\n<p>Um jovem de 23 anos, identificado como Alderi Ant\u00f4nio Bueno, mais conhecido como Fio, foi assassinado a tiros na madrugada deste s\u00e1bado (21), no bairro S\u00e3o Sebasti\u00e3o, em Uni\u00e3o da Vit\u00f3ria. O rapaz faria anivers\u00e1rio neste domingo, 22 de dezembro.<\/p>\n\n\n\n<figure class=\"wp-block-image size-full\"><img loading=\"lazy\" decoding=\"async\" width=\"900\" height=\"408\" src=\"https:\/\/radiostudiow.com.br\/site\/wp-content\/uploads\/2024\/09\/image-64-1.png\" alt=\"\" class=\"wp-image-28207\" srcset=\"https:\/\/radiostudiow.com.br\/site\/wp-content\/uploads\/2024\/09\/image-64-1.png 900w, https:\/\/radiostudiow.com.br\/site\/wp-content\/uploads\/2024\/09\/image-64-1-300x136.png 300w, https:\/\/radiostudiow.com.br\/site\/wp-content\/uploads\/2024\/09\/image-64-1-768x348.png 768w\" sizes=\"auto, (max-width: 900px) 100vw, 900px\" \/><\/figure>\n\n\n\n<p>Segundo informa\u00e7\u00f5es do Portal Vvale, ele estava a caminho do trabalho, quando foi alvejado por disparos de arma de fogo.<\/p>\n\n\n\n<p>O Corpo de Bombeiros chegou a ser acionado, por\u00e9m ao chegar no local, constataram que nada mais podia ser feito. Posteriormente, a Pol\u00edcia Militar esteve no local para registrar a ocorr\u00eancia e isolar a \u00e1rea, enquanto o Instituto M\u00e9dico Legal (IML) recolheu o corpo.<\/p>\n\n\n\n<p><strong>O jovem celebraria seu anivers\u00e1rio neste domingo (22).<\/strong><\/p>\n","protected":false},"excerpt":{"rendered":"<p>Um jovem de 23 anos, identificado como Alderi Ant\u00f4nio Bueno, mais conhecido como Fio, foi assassinado a tiros na madrugada deste s\u00e1bado (21), no bairro S\u00e3o Sebasti\u00e3o, em Uni\u00e3o da Vit\u00f3ria. O rapaz faria anivers\u00e1rio neste domingo, 22 de dezembro. Segundo informa\u00e7\u00f5es do Portal Vvale, ele estava a caminho do trabalho, quando foi alvejado por [&hellip;]<\/p>\n","protected":false},"author":2,"featured_media":31986,"comment_status":"open","ping_status":"open","sticky":false,"template":"","format":"standard","meta":{"footnotes":""},"categories":[2],"tags":[172],"class_list":["post-31985","post","type-post","status-publish","format-standard","has-post-thumbnail","hentry","category-policial","tag-featured"],"amp_enabled":true,"_links":{"self":[{"href":"https:\/\/radiostudiow.com.br\/site\/wp-json\/wp\/v2\/posts\/31985","targetHints":{"allow":["GET"]}}],"collection":[{"href":"https:\/\/radiostudiow.com.br\/site\/wp-json\/wp\/v2\/posts"}],"about":[{"href":"https:\/\/radiostudiow.com.br\/site\/wp-json\/wp\/v2\/types\/post"}],"author":[{"embeddable":true,"href":"https:\/\/radiostudiow.com.br\/site\/wp-json\/wp\/v2\/users\/2"}],"replies":[{"embeddable":true,"href":"https:\/\/radiostudiow.com.br\/site\/wp-json\/wp\/v2\/comments?post=31985"}],"version-history":[{"count":1,"href":"https:\/\/radiostudiow.com.br\/site\/wp-json\/wp\/v2\/posts\/31985\/revisions"}],"predecessor-version":[{"id":31987,"href":"https:\/\/radiostudiow.com.br\/site\/wp-json\/wp\/v2\/posts\/31985\/revisions\/31987"}],"wp:featuredmedia":[{"embeddable":true,"href":"https:\/\/radiostudiow.com.br\/site\/wp-json\/wp\/v2\/media\/31986"}],"wp:attachment":[{"href":"https:\/\/radiostudiow.com.br\/site\/wp-json\/wp\/v2\/media?parent=31985"}],"wp:term":[{"taxonomy":"category","embeddable":true,"href":"https:\/\/radiostudiow.com.br\/site\/wp-json\/wp\/v2\/categories?post=31985"},{"taxonomy":"post_tag","embeddable":true,"href":"https:\/\/radiostudiow.com.br\/site\/wp-json\/wp\/v2\/tags?post=31985"}],"curies":[{"name":"wp","href":"https:\/\/api.w.org\/{rel}","templated":true}]}}