{"id":31988,"date":"2024-12-23T09:54:02","date_gmt":"2024-12-23T12:54:02","guid":{"rendered":"https:\/\/radiostudiow.com.br\/site\/?p=31988"},"modified":"2025-01-31T14:58:04","modified_gmt":"2025-01-31T17:58:04","slug":"video-capotamento-no-entroncamento-das-brs-153-e-476-sentido-general-carneiro","status":"publish","type":"post","link":"https:\/\/radiostudiow.com.br\/site\/2024\/12\/23\/video-capotamento-no-entroncamento-das-brs-153-e-476-sentido-general-carneiro\/","title":{"rendered":"V\u00eddeo: Capotamento no entroncamento das BRs 153 e 476 sentido General Carneiro"},"content":{"rendered":"\n<p>Um capotamento foi registrado na noite deste domingo, 22, no entroncamento das BRs 153 e 476, pr\u00f3ximo ao Trevo do Mallon.<\/p>\n\n\n\n<p>O ve\u00edculo envolvido, um Fiat\/Cronos, seguia no sentido General Carneiro e era ocupado apenas pelo motorista, que felizmente n\u00e3o sofreu ferimentos.<\/p>\n\n\n\n<figure class=\"wp-block-image size-full\"><img decoding=\"async\" src=\"https:\/\/radiostudiow.com.br\/site\/wp-content\/uploads\/2024\/12\/BISTRO.png\" alt=\"\" class=\"wp-image-31336\"\/><\/figure>\n\n\n\n<p>De acordo com o relato do condutor, ele perdeu o controle da dire\u00e7\u00e3o antes do ve\u00edculo capotar.\u00a0O Corpo de Bombeiros de Uni\u00e3o da Vit\u00f3ria foi acionado e esteve no local.<\/p>\n\n\n\n<p>Apesar do susto e dos danos materiais ao ve\u00edculo, o motorista n\u00e3o necessitou de atendimento m\u00e9dico. A Pol\u00edcia Rodovi\u00e1ria Federal foi informada sobre o incidente, e o tr\u00e2nsito no local seguiu sem maiores complica\u00e7\u00f5es.<\/p>\n\n\n\n<figure class=\"wp-block-video\"><video height=\"1280\" style=\"aspect-ratio: 720 \/ 1280;\" width=\"720\" controls src=\"https:\/\/radiostudiow.com.br\/site\/wp-content\/uploads\/2024\/12\/WhatsApp-Video-2024-12-22-at-21.08.06.mp4\"><\/video><\/figure>\n\n\n\n<figure class=\"wp-block-video\"><video height=\"1280\" style=\"aspect-ratio: 720 \/ 1280;\" width=\"720\" controls src=\"https:\/\/radiostudiow.com.br\/site\/wp-content\/uploads\/2024\/12\/WhatsApp-Video-2024-12-22-at-21.08.21.mp4\"><\/video><\/figure>\n","protected":false},"excerpt":{"rendered":"<p>Um capotamento foi registrado na noite deste domingo, 22, no entroncamento das BRs 153 e 476, pr\u00f3ximo ao Trevo do Mallon. O ve\u00edculo envolvido, um Fiat\/Cronos, seguia no sentido General Carneiro e era ocupado apenas pelo motorista, que felizmente n\u00e3o sofreu ferimentos. De acordo com o relato do condutor, ele perdeu o controle da dire\u00e7\u00e3o [&hellip;]<\/p>\n","protected":false},"author":2,"featured_media":31989,"comment_status":"open","ping_status":"open","sticky":false,"template":"","format":"standard","meta":{"footnotes":""},"categories":[185],"tags":[172],"class_list":["post-31988","post","type-post","status-publish","format-standard","has-post-thumbnail","hentry","category-regional","tag-featured"],"amp_enabled":true,"_links":{"self":[{"href":"https:\/\/radiostudiow.com.br\/site\/wp-json\/wp\/v2\/posts\/31988","targetHints":{"allow":["GET"]}}],"collection":[{"href":"https:\/\/radiostudiow.com.br\/site\/wp-json\/wp\/v2\/posts"}],"about":[{"href":"https:\/\/radiostudiow.com.br\/site\/wp-json\/wp\/v2\/types\/post"}],"author":[{"embeddable":true,"href":"https:\/\/radiostudiow.com.br\/site\/wp-json\/wp\/v2\/users\/2"}],"replies":[{"embeddable":true,"href":"https:\/\/radiostudiow.com.br\/site\/wp-json\/wp\/v2\/comments?post=31988"}],"version-history":[{"count":1,"href":"https:\/\/radiostudiow.com.br\/site\/wp-json\/wp\/v2\/posts\/31988\/revisions"}],"predecessor-version":[{"id":31992,"href":"https:\/\/radiostudiow.com.br\/site\/wp-json\/wp\/v2\/posts\/31988\/revisions\/31992"}],"wp:featuredmedia":[{"embeddable":true,"href":"https:\/\/radiostudiow.com.br\/site\/wp-json\/wp\/v2\/media\/31989"}],"wp:attachment":[{"href":"https:\/\/radiostudiow.com.br\/site\/wp-json\/wp\/v2\/media?parent=31988"}],"wp:term":[{"taxonomy":"category","embeddable":true,"href":"https:\/\/radiostudiow.com.br\/site\/wp-json\/wp\/v2\/categories?post=31988"},{"taxonomy":"post_tag","embeddable":true,"href":"https:\/\/radiostudiow.com.br\/site\/wp-json\/wp\/v2\/tags?post=31988"}],"curies":[{"name":"wp","href":"https:\/\/api.w.org\/{rel}","templated":true}]}}