{"id":31993,"date":"2024-12-23T09:56:37","date_gmt":"2024-12-23T12:56:37","guid":{"rendered":"https:\/\/radiostudiow.com.br\/site\/?p=31993"},"modified":"2025-01-31T14:58:04","modified_gmt":"2025-01-31T17:58:04","slug":"veiculo-com-placas-de-paulo-frontin-se-envolve-em-colisao-na-br-476","status":"publish","type":"post","link":"https:\/\/radiostudiow.com.br\/site\/2024\/12\/23\/veiculo-com-placas-de-paulo-frontin-se-envolve-em-colisao-na-br-476\/","title":{"rendered":"Ve\u00edculo com placas de Paulo Frontin se envolve em colis\u00e3o na BR-476"},"content":{"rendered":"\n<p>Um acidente foi registrado na manh\u00e3 deste domingo, por volta das 06 horas, na BR-476, envolvendo um ve\u00edculo com placas de Paulo Frontin e outro carro ainda n\u00e3o identificado.\u00a0Apesar da gravidade do impacto, felizmente, nenhum dos envolvidos sofreu ferimentos.<\/p>\n\n\n\n<div class=\"wp-block-media-text is-stacked-on-mobile\"><figure class=\"wp-block-media-text__media\"><img decoding=\"async\" src=\"https:\/\/radiostudiow.com.br\/site\/wp-content\/uploads\/2024\/12\/image-82-809x1024.png\" alt=\"\" class=\"wp-image-31785 size-full\"\/><\/figure><div class=\"wp-block-media-text__content\">\n<p>AFUBRA IRATI: \ud83d\udcde(42) 3421-1700<br>\ud83d\udccd Rua Coronel Emilio Gomes, 399, Centro &#8211; Irati &#8211; PR<\/p>\n\n\n\n<p>AFUBRA IMBITUVA: \ud83d\udcde(42) 3436-84003<br>\ud83d\udccd RUA Jacobe Brener, 830 &#8211; Centro, Imbituva &#8211; PR<\/p>\n\n\n\n<p><a href=\"https:\/\/www.lojasafubra.com.br\">https:\/\/www.lojasafubra.com.br<\/a><\/p>\n<\/div><\/div>\n\n\n\n<p>De acordo com informa\u00e7\u00f5es preliminares, o condutor do ve\u00edculo de Paulo Frontin estaria dirigindo sob influ\u00eancia de \u00e1lcool.\u00a0O outro ve\u00edculo era conduzido por um senhor que havia partido de Curitiba com destino ao Rio Grande do Sul.<\/p>\n\n\n\n<p>Equipes de socorro e autoridades foram acionadas para atender \u00e0 ocorr\u00eancia.<\/p>\n\n\n\n<figure class=\"wp-block-image size-full\"><img loading=\"lazy\" decoding=\"async\" width=\"451\" height=\"600\" src=\"https:\/\/radiostudiow.com.br\/site\/wp-content\/uploads\/2024\/12\/image-107.png\" alt=\"\" class=\"wp-image-31994\" srcset=\"https:\/\/radiostudiow.com.br\/site\/wp-content\/uploads\/2024\/12\/image-107.png 451w, https:\/\/radiostudiow.com.br\/site\/wp-content\/uploads\/2024\/12\/image-107-226x300.png 226w\" sizes=\"auto, (max-width: 451px) 100vw, 451px\" \/><\/figure>\n\n\n\n<p><a href=\"mailto:?subject=Colis%C3%A3o%20na%20BR-476%20envolve%20dois%20ve%C3%ADculos&amp;body=https:\/\/www.vvale.com.br\/transito\/colisao-na-br-476-envolve-dois-veiculos\/\" target=\"_blank\" rel=\"noreferrer noopener\"><\/a><\/p>\n","protected":false},"excerpt":{"rendered":"<p>Um acidente foi registrado na manh\u00e3 deste domingo, por volta das 06 horas, na BR-476, envolvendo um ve\u00edculo com placas de Paulo Frontin e outro carro ainda n\u00e3o identificado.\u00a0Apesar da gravidade do impacto, felizmente, nenhum dos envolvidos sofreu ferimentos. AFUBRA IRATI: \ud83d\udcde(42) 3421-1700\ud83d\udccd Rua Coronel Emilio Gomes, 399, Centro &#8211; Irati &#8211; PR AFUBRA IMBITUVA: [&hellip;]<\/p>\n","protected":false},"author":2,"featured_media":31995,"comment_status":"open","ping_status":"open","sticky":false,"template":"","format":"standard","meta":{"footnotes":""},"categories":[185],"tags":[172],"class_list":["post-31993","post","type-post","status-publish","format-standard","has-post-thumbnail","hentry","category-regional","tag-featured"],"amp_enabled":true,"_links":{"self":[{"href":"https:\/\/radiostudiow.com.br\/site\/wp-json\/wp\/v2\/posts\/31993","targetHints":{"allow":["GET"]}}],"collection":[{"href":"https:\/\/radiostudiow.com.br\/site\/wp-json\/wp\/v2\/posts"}],"about":[{"href":"https:\/\/radiostudiow.com.br\/site\/wp-json\/wp\/v2\/types\/post"}],"author":[{"embeddable":true,"href":"https:\/\/radiostudiow.com.br\/site\/wp-json\/wp\/v2\/users\/2"}],"replies":[{"embeddable":true,"href":"https:\/\/radiostudiow.com.br\/site\/wp-json\/wp\/v2\/comments?post=31993"}],"version-history":[{"count":1,"href":"https:\/\/radiostudiow.com.br\/site\/wp-json\/wp\/v2\/posts\/31993\/revisions"}],"predecessor-version":[{"id":31996,"href":"https:\/\/radiostudiow.com.br\/site\/wp-json\/wp\/v2\/posts\/31993\/revisions\/31996"}],"wp:featuredmedia":[{"embeddable":true,"href":"https:\/\/radiostudiow.com.br\/site\/wp-json\/wp\/v2\/media\/31995"}],"wp:attachment":[{"href":"https:\/\/radiostudiow.com.br\/site\/wp-json\/wp\/v2\/media?parent=31993"}],"wp:term":[{"taxonomy":"category","embeddable":true,"href":"https:\/\/radiostudiow.com.br\/site\/wp-json\/wp\/v2\/categories?post=31993"},{"taxonomy":"post_tag","embeddable":true,"href":"https:\/\/radiostudiow.com.br\/site\/wp-json\/wp\/v2\/tags?post=31993"}],"curies":[{"name":"wp","href":"https:\/\/api.w.org\/{rel}","templated":true}]}}