{"id":32001,"date":"2024-12-23T10:05:58","date_gmt":"2024-12-23T13:05:58","guid":{"rendered":"https:\/\/radiostudiow.com.br\/site\/?p=32001"},"modified":"2025-01-31T14:58:04","modified_gmt":"2025-01-31T17:58:04","slug":"jovem-e-morto-a-tiros-no-bairro-sao-sebastiao-na-madrugada-deste-sabado","status":"publish","type":"post","link":"https:\/\/radiostudiow.com.br\/site\/2024\/12\/23\/jovem-e-morto-a-tiros-no-bairro-sao-sebastiao-na-madrugada-deste-sabado\/","title":{"rendered":"Jovem de 23 anos \u00e9 morto a tiros em Uni\u00e3o da Vit\u00f3ria"},"content":{"rendered":"\n<p>Um homem de 23 anos foi morto a tiros na madrugada deste s\u00e1bado, 21 de dezembro, no bairro S\u00e3o Sebasti\u00e3o, ap\u00f3s sair para trabalhar.<\/p>\n\n\n\n<p>A v\u00edtima foi atingida por disparos de arma de fogo em circunst\u00e2ncias que ainda est\u00e3o sendo investigadas pelas autoridades.<\/p>\n\n\n\n<figure class=\"wp-block-image size-large is-resized\"><img decoding=\"async\" src=\"https:\/\/radiostudiow.com.br\/site\/wp-content\/uploads\/2024\/10\/image-64-1024x1024.png\" alt=\"\" class=\"wp-image-29382\" style=\"width:328px;height:auto\"\/><\/figure>\n\n\n\n<p>O Corpo de Bombeiros de Uni\u00e3o da Vit\u00f3ria foi acionado, mas, ao chegar ao local, constatou que o homem j\u00e1 estava sem vida.<\/p>\n\n\n\n<p>Em seguida, a Pol\u00edcia Militar compareceu \u00e0 cena do crime para isolar a \u00e1rea e iniciar os procedimentos de investiga\u00e7\u00e3o. O Instituto M\u00e9dico Legal (IML) foi chamado para realizar a remo\u00e7\u00e3o do corpo.<\/p>\n\n\n\n<p>As autoridades ainda n\u00e3o divulgaram informa\u00e7\u00f5es sobre a autoria ou motiva\u00e7\u00e3o do crime. O caso segue sob investiga\u00e7\u00e3o.<\/p>\n","protected":false},"excerpt":{"rendered":"<p>Um homem de 23 anos foi morto a tiros na madrugada deste s\u00e1bado, 21 de dezembro, no bairro S\u00e3o Sebasti\u00e3o, ap\u00f3s sair para trabalhar. A v\u00edtima foi atingida por disparos de arma de fogo em circunst\u00e2ncias que ainda est\u00e3o sendo investigadas pelas autoridades. O Corpo de Bombeiros de Uni\u00e3o da Vit\u00f3ria foi acionado, mas, ao [&hellip;]<\/p>\n","protected":false},"author":2,"featured_media":32002,"comment_status":"open","ping_status":"open","sticky":false,"template":"","format":"standard","meta":{"footnotes":""},"categories":[185],"tags":[172],"class_list":["post-32001","post","type-post","status-publish","format-standard","has-post-thumbnail","hentry","category-regional","tag-featured"],"amp_enabled":true,"_links":{"self":[{"href":"https:\/\/radiostudiow.com.br\/site\/wp-json\/wp\/v2\/posts\/32001","targetHints":{"allow":["GET"]}}],"collection":[{"href":"https:\/\/radiostudiow.com.br\/site\/wp-json\/wp\/v2\/posts"}],"about":[{"href":"https:\/\/radiostudiow.com.br\/site\/wp-json\/wp\/v2\/types\/post"}],"author":[{"embeddable":true,"href":"https:\/\/radiostudiow.com.br\/site\/wp-json\/wp\/v2\/users\/2"}],"replies":[{"embeddable":true,"href":"https:\/\/radiostudiow.com.br\/site\/wp-json\/wp\/v2\/comments?post=32001"}],"version-history":[{"count":3,"href":"https:\/\/radiostudiow.com.br\/site\/wp-json\/wp\/v2\/posts\/32001\/revisions"}],"predecessor-version":[{"id":32039,"href":"https:\/\/radiostudiow.com.br\/site\/wp-json\/wp\/v2\/posts\/32001\/revisions\/32039"}],"wp:featuredmedia":[{"embeddable":true,"href":"https:\/\/radiostudiow.com.br\/site\/wp-json\/wp\/v2\/media\/32002"}],"wp:attachment":[{"href":"https:\/\/radiostudiow.com.br\/site\/wp-json\/wp\/v2\/media?parent=32001"}],"wp:term":[{"taxonomy":"category","embeddable":true,"href":"https:\/\/radiostudiow.com.br\/site\/wp-json\/wp\/v2\/categories?post=32001"},{"taxonomy":"post_tag","embeddable":true,"href":"https:\/\/radiostudiow.com.br\/site\/wp-json\/wp\/v2\/tags?post=32001"}],"curies":[{"name":"wp","href":"https:\/\/api.w.org\/{rel}","templated":true}]}}