{"id":32025,"date":"2024-12-23T17:04:30","date_gmt":"2024-12-23T20:04:30","guid":{"rendered":"https:\/\/radiostudiow.com.br\/site\/?p=32025"},"modified":"2025-01-31T14:58:03","modified_gmt":"2025-01-31T17:58:03","slug":"identificado-a-vitima-do-acidente-na-br-153-entre-rio-azul-e-reboucas","status":"publish","type":"post","link":"https:\/\/radiostudiow.com.br\/site\/2024\/12\/23\/identificado-a-vitima-do-acidente-na-br-153-entre-rio-azul-e-reboucas\/","title":{"rendered":"Identificado a v\u00edtima do acidente na BR-153 entre Rio Azul e Rebou\u00e7as"},"content":{"rendered":"\n<p>Na tarde desta segunda-feira, 23 de dezembro, uma colis\u00e3o envolvendo dois autom\u00f3veis (um Renault Duster e um Fiat Argo) e um caminh\u00e3o VW 8.120 ocorreu na BR-153, no munic\u00edpio de Rio Azul.<\/p>\n\n\n\n<p><strong>O acidente resultou em quatro v\u00edtimas, sendo uma fatal e identificada como Foi confirmado o \u00f3bito de Marcelo Bozza Junior.<\/strong><\/p>\n\n\n\n<figure class=\"wp-block-image size-full\"><img loading=\"lazy\" decoding=\"async\" width=\"900\" height=\"408\" src=\"https:\/\/radiostudiow.com.br\/site\/wp-content\/uploads\/2024\/09\/image-64-1.png\" alt=\"\" class=\"wp-image-28207\" srcset=\"https:\/\/radiostudiow.com.br\/site\/wp-content\/uploads\/2024\/09\/image-64-1.png 900w, https:\/\/radiostudiow.com.br\/site\/wp-content\/uploads\/2024\/09\/image-64-1-300x136.png 300w, https:\/\/radiostudiow.com.br\/site\/wp-content\/uploads\/2024\/09\/image-64-1-768x348.png 768w\" sizes=\"auto, (max-width: 900px) 100vw, 900px\" \/><\/figure>\n\n\n\n<h2 class=\"wp-block-heading\">Detalhes do Atendimento<\/h2>\n\n\n\n<p>As equipes de resgate realizaram o atendimento inicial, encaminhando as tr\u00eas v\u00edtimas sobreviventes para atendimento hospitalar.<\/p>\n\n\n\n<p>A v\u00edtima fatal, que estava presa nas ferragens do ve\u00edculo branco, aguarda a chegada da pol\u00edcia cient\u00edfica e do Instituto M\u00e9dico Legal (IML) para a remo\u00e7\u00e3o segura.<\/p>\n\n\n\n<figure class=\"wp-block-image size-large\"><img decoding=\"async\" src=\"https:\/\/radiostudiow.com.br\/site\/wp-content\/uploads\/2024\/12\/420798313_6916742731764654_1442256902596071352_n.jpg-1024x1024.png\" alt=\"\" class=\"wp-image-32034\"\/><\/figure>\n\n\n\n<div class=\"wp-block-media-text is-stacked-on-mobile\"><figure class=\"wp-block-media-text__media\"><img decoding=\"async\" src=\"https:\/\/radiostudiow.com.br\/site\/wp-content\/uploads\/2024\/12\/0a044287-4369-456a-9c98-586ecff8d372-1024x1024.jpeg\" alt=\"\" class=\"wp-image-32026 size-full\"\/><\/figure><div class=\"wp-block-media-text__content\">\n<p><\/p>\n<\/div><\/div>\n\n\n\n<h2 class=\"wp-block-heading\">Impactos na Rodovia<\/h2>\n\n\n\n<p>A BR-153 permanece interditada no local do acidente, com um desvio provis\u00f3rio por estrada rural. Contudo, ve\u00edculos de grande porte n\u00e3o conseguem utilizar este desvio, o que causa transtornos ao tr\u00e1fego na regi\u00e3o.<\/p>\n\n\n\n<p>As autoridades seguem no local para controle da situa\u00e7\u00e3o e orienta\u00e7\u00f5es aos motoristas. Mais informa\u00e7\u00f5es ser\u00e3o divulgadas conforme o desenrolar das investiga\u00e7\u00f5es e libera\u00e7\u00e3o da via.<br><br><em>Sem mais informa\u00e7\u00f5es at\u00e9 o presente momento.<\/em><\/p>\n\n\n\n<figure class=\"wp-block-gallery has-nested-images columns-default is-cropped wp-block-gallery-1 is-layout-flex wp-block-gallery-is-layout-flex\">\n<figure class=\"wp-block-image size-large\"><img decoding=\"async\" data-id=\"32029\" src=\"https:\/\/radiostudiow.com.br\/site\/wp-content\/uploads\/2024\/12\/471258123_1084317273705168_3944895712290792916_n-766x1024.jpg\" alt=\"\" class=\"wp-image-32029\"\/><\/figure>\n\n\n\n<figure class=\"wp-block-image size-large\"><img loading=\"lazy\" decoding=\"async\" width=\"757\" height=\"1024\" data-id=\"32028\" src=\"https:\/\/radiostudiow.com.br\/site\/wp-content\/uploads\/2024\/12\/471543152_1084317390371823_6391469953661635624_n-757x1024.jpg\" alt=\"\" class=\"wp-image-32028\" srcset=\"https:\/\/radiostudiow.com.br\/site\/wp-content\/uploads\/2024\/12\/471543152_1084317390371823_6391469953661635624_n-757x1024.jpg 757w, https:\/\/radiostudiow.com.br\/site\/wp-content\/uploads\/2024\/12\/471543152_1084317390371823_6391469953661635624_n-222x300.jpg 222w, https:\/\/radiostudiow.com.br\/site\/wp-content\/uploads\/2024\/12\/471543152_1084317390371823_6391469953661635624_n-768x1038.jpg 768w, https:\/\/radiostudiow.com.br\/site\/wp-content\/uploads\/2024\/12\/471543152_1084317390371823_6391469953661635624_n.jpg 1080w\" sizes=\"auto, (max-width: 757px) 100vw, 757px\" \/><\/figure>\n<\/figure>\n\n\n\n<figure class=\"wp-block-image size-full\"><img loading=\"lazy\" decoding=\"async\" width=\"720\" height=\"585\" src=\"https:\/\/radiostudiow.com.br\/site\/wp-content\/uploads\/2024\/12\/image-111.png\" alt=\"\" class=\"wp-image-32030\" srcset=\"https:\/\/radiostudiow.com.br\/site\/wp-content\/uploads\/2024\/12\/image-111.png 720w, https:\/\/radiostudiow.com.br\/site\/wp-content\/uploads\/2024\/12\/image-111-300x244.png 300w\" sizes=\"auto, (max-width: 720px) 100vw, 720px\" \/><\/figure>\n\n\n\n<figure class=\"wp-block-video\"><video height=\"850\" style=\"aspect-ratio: 478 \/ 850;\" width=\"478\" controls src=\"https:\/\/radiostudiow.com.br\/site\/wp-content\/uploads\/2024\/12\/Video-do-WhatsApp-de-2024-12-23-as-15.15.17_2bdc31eb.mp4\"><\/video><\/figure>\n","protected":false},"excerpt":{"rendered":"<p>Na tarde desta segunda-feira, 23 de dezembro, uma colis\u00e3o envolvendo dois autom\u00f3veis (um Renault Duster e um Fiat Argo) e um caminh\u00e3o VW 8.120 ocorreu na BR-153, no munic\u00edpio de Rio Azul. O acidente resultou em quatro v\u00edtimas, sendo uma fatal e identificada como Foi confirmado o \u00f3bito de Marcelo Bozza Junior. Detalhes do Atendimento [&hellip;]<\/p>\n","protected":false},"author":2,"featured_media":32027,"comment_status":"open","ping_status":"open","sticky":false,"template":"","format":"standard","meta":{"footnotes":""},"categories":[185],"tags":[172],"class_list":["post-32025","post","type-post","status-publish","format-standard","has-post-thumbnail","hentry","category-regional","tag-featured"],"amp_enabled":true,"_links":{"self":[{"href":"https:\/\/radiostudiow.com.br\/site\/wp-json\/wp\/v2\/posts\/32025","targetHints":{"allow":["GET"]}}],"collection":[{"href":"https:\/\/radiostudiow.com.br\/site\/wp-json\/wp\/v2\/posts"}],"about":[{"href":"https:\/\/radiostudiow.com.br\/site\/wp-json\/wp\/v2\/types\/post"}],"author":[{"embeddable":true,"href":"https:\/\/radiostudiow.com.br\/site\/wp-json\/wp\/v2\/users\/2"}],"replies":[{"embeddable":true,"href":"https:\/\/radiostudiow.com.br\/site\/wp-json\/wp\/v2\/comments?post=32025"}],"version-history":[{"count":2,"href":"https:\/\/radiostudiow.com.br\/site\/wp-json\/wp\/v2\/posts\/32025\/revisions"}],"predecessor-version":[{"id":32036,"href":"https:\/\/radiostudiow.com.br\/site\/wp-json\/wp\/v2\/posts\/32025\/revisions\/32036"}],"wp:featuredmedia":[{"embeddable":true,"href":"https:\/\/radiostudiow.com.br\/site\/wp-json\/wp\/v2\/media\/32027"}],"wp:attachment":[{"href":"https:\/\/radiostudiow.com.br\/site\/wp-json\/wp\/v2\/media?parent=32025"}],"wp:term":[{"taxonomy":"category","embeddable":true,"href":"https:\/\/radiostudiow.com.br\/site\/wp-json\/wp\/v2\/categories?post=32025"},{"taxonomy":"post_tag","embeddable":true,"href":"https:\/\/radiostudiow.com.br\/site\/wp-json\/wp\/v2\/tags?post=32025"}],"curies":[{"name":"wp","href":"https:\/\/api.w.org\/{rel}","templated":true}]}}