{"id":32044,"date":"2024-12-24T10:14:22","date_gmt":"2024-12-24T13:14:22","guid":{"rendered":"https:\/\/radiostudiow.com.br\/site\/?p=32044"},"modified":"2025-01-31T14:58:03","modified_gmt":"2025-01-31T17:58:03","slug":"furto-e-registrado-em-residencia-no-bairro-sagrada-familia-em-uniao-da-vitoria","status":"publish","type":"post","link":"https:\/\/radiostudiow.com.br\/site\/2024\/12\/24\/furto-e-registrado-em-residencia-no-bairro-sagrada-familia-em-uniao-da-vitoria\/","title":{"rendered":"Furto \u00e9 registrado em resid\u00eancia no bairro Sagrada Fam\u00edlia em Uni\u00e3o da Vit\u00f3ria"},"content":{"rendered":"\n<p>A equipe da Pol\u00edcia Militar de Uni\u00e3o da Vit\u00f3ria estava em patrulhamento quando foi acionada por uma transeunte, que relatou um furto ocorrido durante a madrugada em uma resid\u00eancia no bairro Sagrada Fam\u00edlia por volta das 07:30 horas desta segunda-feira (23). Segundo a v\u00edtima, um homem invadiu sua casa e furtou diversos objetos de valor.<\/p>\n\n\n\n<figure class=\"wp-block-gallery has-nested-images columns-default is-cropped wp-block-gallery-1 is-layout-flex wp-block-gallery-is-layout-flex\">\n<figure class=\"wp-block-image size-large\"><img decoding=\"async\" data-id=\"31936\" src=\"https:\/\/radiostudiow.com.br\/site\/wp-content\/uploads\/2024\/12\/ZAIONS-FEED2-1024x1000.png\" alt=\"\" class=\"wp-image-31936\"\/><\/figure>\n\n\n\n<figure class=\"wp-block-image size-large\"><img decoding=\"async\" data-id=\"31800\" src=\"https:\/\/radiostudiow.com.br\/site\/wp-content\/uploads\/2024\/12\/469123826_1067698055367090_8061239310061310478_n-1-1024x1000.jpg\" alt=\"\" class=\"wp-image-31800\"\/><\/figure>\n<\/figure>\n\n\n\n<p>Ao se deslocarem at\u00e9 o local, os policiais verificaram que a janela da resid\u00eancia foi arrombada.\u00a0A v\u00edtima informou que os itens subtra\u00eddos inclu\u00edam uma televis\u00e3o, dois botij\u00f5es de g\u00e1s, R$ 4.000,00 em dinheiro (em notas diversas) e um rel\u00f3gio de pulso dourado com pulseira de couro.<\/p>\n\n\n\n<p>A ocorr\u00eancia foi registrada, e a v\u00edtima foi orientada quanto aos procedimentos necess\u00e1rios. A Pol\u00edcia Civil dar\u00e1 continuidade \u00e0s investiga\u00e7\u00f5es para identificar o respons\u00e1vel pelo crime.<\/p>\n","protected":false},"excerpt":{"rendered":"<p>A equipe da Pol\u00edcia Militar de Uni\u00e3o da Vit\u00f3ria estava em patrulhamento quando foi acionada por uma transeunte, que relatou um furto ocorrido durante a madrugada em uma resid\u00eancia no bairro Sagrada Fam\u00edlia por volta das 07:30 horas desta segunda-feira (23). Segundo a v\u00edtima, um homem invadiu sua casa e furtou diversos objetos de valor. [&hellip;]<\/p>\n","protected":false},"author":2,"featured_media":29243,"comment_status":"open","ping_status":"open","sticky":false,"template":"","format":"standard","meta":{"footnotes":""},"categories":[2],"tags":[172],"class_list":["post-32044","post","type-post","status-publish","format-standard","has-post-thumbnail","hentry","category-policial","tag-featured"],"amp_enabled":true,"_links":{"self":[{"href":"https:\/\/radiostudiow.com.br\/site\/wp-json\/wp\/v2\/posts\/32044","targetHints":{"allow":["GET"]}}],"collection":[{"href":"https:\/\/radiostudiow.com.br\/site\/wp-json\/wp\/v2\/posts"}],"about":[{"href":"https:\/\/radiostudiow.com.br\/site\/wp-json\/wp\/v2\/types\/post"}],"author":[{"embeddable":true,"href":"https:\/\/radiostudiow.com.br\/site\/wp-json\/wp\/v2\/users\/2"}],"replies":[{"embeddable":true,"href":"https:\/\/radiostudiow.com.br\/site\/wp-json\/wp\/v2\/comments?post=32044"}],"version-history":[{"count":1,"href":"https:\/\/radiostudiow.com.br\/site\/wp-json\/wp\/v2\/posts\/32044\/revisions"}],"predecessor-version":[{"id":32045,"href":"https:\/\/radiostudiow.com.br\/site\/wp-json\/wp\/v2\/posts\/32044\/revisions\/32045"}],"wp:featuredmedia":[{"embeddable":true,"href":"https:\/\/radiostudiow.com.br\/site\/wp-json\/wp\/v2\/media\/29243"}],"wp:attachment":[{"href":"https:\/\/radiostudiow.com.br\/site\/wp-json\/wp\/v2\/media?parent=32044"}],"wp:term":[{"taxonomy":"category","embeddable":true,"href":"https:\/\/radiostudiow.com.br\/site\/wp-json\/wp\/v2\/categories?post=32044"},{"taxonomy":"post_tag","embeddable":true,"href":"https:\/\/radiostudiow.com.br\/site\/wp-json\/wp\/v2\/tags?post=32044"}],"curies":[{"name":"wp","href":"https:\/\/api.w.org\/{rel}","templated":true}]}}