{"id":32074,"date":"2024-12-24T12:27:02","date_gmt":"2024-12-24T15:27:02","guid":{"rendered":"https:\/\/radiostudiow.com.br\/site\/?p=32074"},"modified":"2025-01-31T14:58:03","modified_gmt":"2025-01-31T17:58:03","slug":"bombeiros-encontram-corpo-de-homem-de-62-anos-que-estava-desaparecido-entre-reboucas-e-rio-azul","status":"publish","type":"post","link":"https:\/\/radiostudiow.com.br\/site\/2024\/12\/24\/bombeiros-encontram-corpo-de-homem-de-62-anos-que-estava-desaparecido-entre-reboucas-e-rio-azul\/","title":{"rendered":"Bombeiros encontram corpo de homem de 62 anos que estava desaparecido entre Rebou\u00e7as e Rio Azul"},"content":{"rendered":"\n<figure class=\"wp-block-image size-full\"><img loading=\"lazy\" decoding=\"async\" width=\"598\" height=\"204\" src=\"https:\/\/radiostudiow.com.br\/site\/wp-content\/uploads\/2024\/12\/image-95.png\" alt=\"\" class=\"wp-image-31919\" srcset=\"https:\/\/radiostudiow.com.br\/site\/wp-content\/uploads\/2024\/12\/image-95.png 598w, https:\/\/radiostudiow.com.br\/site\/wp-content\/uploads\/2024\/12\/image-95-300x102.png 300w\" sizes=\"auto, (max-width: 598px) 100vw, 598px\" \/><\/figure>\n\n\n\n<p>O Corpo de Bombeiros localizou na manh\u00e3 desta ter\u00e7a-feira (24), o corpo de um homem de 62 anos, que estava desaparecido desde o \u00faltimo domingo (22), na regi\u00e3o do Saltinho, \u00e1rea rural que abrange os munic\u00edpios de Rebou\u00e7as e Rio Azul.<\/p>\n\n\n\n<p>Segundo informa\u00e7\u00f5es, familiares de Jorge Oliveira estavam preocupados com a aus\u00eancia e passaram a fazer buscas na regi\u00e3o, onde pr\u00f3ximo a ponte sobre o Rio Bra\u00e7o do Potinga, encontraram ind\u00edcios de um possivel acidente envolvendo uma motocicleta, por conta de sinais de derrapagem, indicando que a motocicleta poderia ter sa\u00eddo da pista e ca\u00eddo na \u00e1gua.<\/p>\n\n\n\n<figure class=\"wp-block-image size-full\"><img decoding=\"async\" src=\"https:\/\/radiostudiow.com.br\/site\/wp-content\/uploads\/2024\/12\/BISTRO-1.png\" alt=\"\" class=\"wp-image-31475\"\/><\/figure>\n\n\n\n<p>O Corpo de Bombeiros informou que ap\u00f3s ind\u00edcios de que a v\u00edtima havia ca\u00eddo de moto ao tentar atravessar a ponte que liga o interior das duas cidades, na regi\u00e3o do Saltinho, a guarni\u00e7\u00e3o do Corpo de Bombeiros de Irati iniciou as buscas por volta de 7h30 desta ter\u00e7a-feira. De in\u00edcio, embaixo da ponte, com uso de corda e garateia, a equipe encontrou a moto que era pilotada por Jorge. Ap\u00f3s realizar buscas pelo corpo, ele foi encontrado h\u00e1 cerca de dois quil\u00f4metros rio abaixo, em uma galhada \u00e0s margens do rio.<\/p>\n\n\n\n<p>O corpo ser\u00e1 recolhido pelo Instituto M\u00e9dico Legal (IML) juntamente com a Criminal\u00edstica.<\/p>\n\n\n\n<figure class=\"wp-block-image size-full\"><img loading=\"lazy\" decoding=\"async\" width=\"1024\" height=\"538\" src=\"https:\/\/radiostudiow.com.br\/site\/wp-content\/uploads\/2024\/12\/image-120.png\" alt=\"\" class=\"wp-image-32076\" srcset=\"https:\/\/radiostudiow.com.br\/site\/wp-content\/uploads\/2024\/12\/image-120.png 1024w, https:\/\/radiostudiow.com.br\/site\/wp-content\/uploads\/2024\/12\/image-120-300x158.png 300w, https:\/\/radiostudiow.com.br\/site\/wp-content\/uploads\/2024\/12\/image-120-768x404.png 768w\" sizes=\"auto, (max-width: 1024px) 100vw, 1024px\" \/><figcaption class=\"wp-element-caption\"><em>Foto: Corpo de Bombeiros\/Divulga\u00e7\u00e3o.<\/em><\/figcaption><\/figure>\n\n\n\n<figure class=\"wp-block-image size-full\"><img loading=\"lazy\" decoding=\"async\" width=\"1024\" height=\"538\" src=\"https:\/\/radiostudiow.com.br\/site\/wp-content\/uploads\/2024\/12\/image-121.png\" alt=\"\" class=\"wp-image-32077\" srcset=\"https:\/\/radiostudiow.com.br\/site\/wp-content\/uploads\/2024\/12\/image-121.png 1024w, https:\/\/radiostudiow.com.br\/site\/wp-content\/uploads\/2024\/12\/image-121-300x158.png 300w, https:\/\/radiostudiow.com.br\/site\/wp-content\/uploads\/2024\/12\/image-121-768x404.png 768w\" sizes=\"auto, (max-width: 1024px) 100vw, 1024px\" \/><figcaption class=\"wp-element-caption\"><em>Foto: Corpo de Bombeiros\/Divulga\u00e7\u00e3o.<\/em><\/figcaption><\/figure>\n\n\n\n<figure class=\"wp-block-image size-full\"><img loading=\"lazy\" decoding=\"async\" width=\"1024\" height=\"473\" src=\"https:\/\/radiostudiow.com.br\/site\/wp-content\/uploads\/2024\/12\/image-122.png\" alt=\"\" class=\"wp-image-32078\" srcset=\"https:\/\/radiostudiow.com.br\/site\/wp-content\/uploads\/2024\/12\/image-122.png 1024w, https:\/\/radiostudiow.com.br\/site\/wp-content\/uploads\/2024\/12\/image-122-300x139.png 300w, https:\/\/radiostudiow.com.br\/site\/wp-content\/uploads\/2024\/12\/image-122-768x355.png 768w\" sizes=\"auto, (max-width: 1024px) 100vw, 1024px\" \/><figcaption class=\"wp-element-caption\"><em>Foto: Corpo de Bombeiros\/Divulga\u00e7\u00e3o.<\/em><\/figcaption><\/figure>\n","protected":false},"excerpt":{"rendered":"<p>O Corpo de Bombeiros localizou na manh\u00e3 desta ter\u00e7a-feira (24), o corpo de um homem de 62 anos, que estava desaparecido desde o \u00faltimo domingo (22), na regi\u00e3o do Saltinho, \u00e1rea rural que abrange os munic\u00edpios de Rebou\u00e7as e Rio Azul. Segundo informa\u00e7\u00f5es, familiares de Jorge Oliveira estavam preocupados com a aus\u00eancia e passaram a [&hellip;]<\/p>\n","protected":false},"author":2,"featured_media":32075,"comment_status":"open","ping_status":"open","sticky":false,"template":"","format":"standard","meta":{"footnotes":""},"categories":[185],"tags":[172],"class_list":["post-32074","post","type-post","status-publish","format-standard","has-post-thumbnail","hentry","category-regional","tag-featured"],"amp_enabled":true,"_links":{"self":[{"href":"https:\/\/radiostudiow.com.br\/site\/wp-json\/wp\/v2\/posts\/32074","targetHints":{"allow":["GET"]}}],"collection":[{"href":"https:\/\/radiostudiow.com.br\/site\/wp-json\/wp\/v2\/posts"}],"about":[{"href":"https:\/\/radiostudiow.com.br\/site\/wp-json\/wp\/v2\/types\/post"}],"author":[{"embeddable":true,"href":"https:\/\/radiostudiow.com.br\/site\/wp-json\/wp\/v2\/users\/2"}],"replies":[{"embeddable":true,"href":"https:\/\/radiostudiow.com.br\/site\/wp-json\/wp\/v2\/comments?post=32074"}],"version-history":[{"count":1,"href":"https:\/\/radiostudiow.com.br\/site\/wp-json\/wp\/v2\/posts\/32074\/revisions"}],"predecessor-version":[{"id":32079,"href":"https:\/\/radiostudiow.com.br\/site\/wp-json\/wp\/v2\/posts\/32074\/revisions\/32079"}],"wp:featuredmedia":[{"embeddable":true,"href":"https:\/\/radiostudiow.com.br\/site\/wp-json\/wp\/v2\/media\/32075"}],"wp:attachment":[{"href":"https:\/\/radiostudiow.com.br\/site\/wp-json\/wp\/v2\/media?parent=32074"}],"wp:term":[{"taxonomy":"category","embeddable":true,"href":"https:\/\/radiostudiow.com.br\/site\/wp-json\/wp\/v2\/categories?post=32074"},{"taxonomy":"post_tag","embeddable":true,"href":"https:\/\/radiostudiow.com.br\/site\/wp-json\/wp\/v2\/tags?post=32074"}],"curies":[{"name":"wp","href":"https:\/\/api.w.org\/{rel}","templated":true}]}}