{"id":32087,"date":"2024-12-26T10:11:15","date_gmt":"2024-12-26T13:11:15","guid":{"rendered":"https:\/\/radiostudiow.com.br\/site\/?p=32087"},"modified":"2025-01-31T14:58:03","modified_gmt":"2025-01-31T17:58:03","slug":"acidente-grave-na-br-476-entre-uma-ambulancia-do-samu-e-um-caminhao-deixa-04-pessoas-mortas-em-paulo-frontin","status":"publish","type":"post","link":"https:\/\/radiostudiow.com.br\/site\/2024\/12\/26\/acidente-grave-na-br-476-entre-uma-ambulancia-do-samu-e-um-caminhao-deixa-04-pessoas-mortas-em-paulo-frontin\/","title":{"rendered":"ACIDENTE GRAVE NA BR-476 ENTRE UMA AMBUL\u00c2NCIA DO SAMU E UM CAMINH\u00c3O DEIXA 04 PESSOAS MORTAS EM PAULO FRONTIN."},"content":{"rendered":"\n<p><strong><em>Noite de Natal triste e tr\u00e1gica em uma das nossas rodovias que cortam a regi\u00e3o.<\/em><\/strong><\/p>\n\n\n\n<p>Um acidente de propor\u00e7\u00f5es Grav\u00edssimas foi registrado na BR-476, na regi\u00e3o do Limoeiro, munic\u00edpio de Paulo Frontin nesta quarta-feira dia 25 de dezembro.<\/p>\n\n\n\n<p>De acordo com testemunhas, uma ambul\u00e2ncia do SAMU (Servi\u00e7o de Atendimento M\u00f3vel de Urg\u00eancia), acabou colidindo de forma violenta ap\u00f3s o condutor ter perdido o controle da viatura vindo a bater lateralmente contra um caminh\u00e3o que seguia sentindo contr\u00e1rio da pista.<\/p>\n\n\n\n<figure class=\"wp-block-image size-full\"><img loading=\"lazy\" decoding=\"async\" width=\"900\" height=\"408\" src=\"https:\/\/radiostudiow.com.br\/site\/wp-content\/uploads\/2024\/09\/image-64-1.png\" alt=\"\" class=\"wp-image-28207\" srcset=\"https:\/\/radiostudiow.com.br\/site\/wp-content\/uploads\/2024\/09\/image-64-1.png 900w, https:\/\/radiostudiow.com.br\/site\/wp-content\/uploads\/2024\/09\/image-64-1-300x136.png 300w, https:\/\/radiostudiow.com.br\/site\/wp-content\/uploads\/2024\/09\/image-64-1-768x348.png 768w\" sizes=\"auto, (max-width: 900px) 100vw, 900px\" \/><\/figure>\n\n\n\n<p>Um idoso que teria sofrido um AVC, estava sendo transportado para um hospital de Uni\u00e3o da Vit\u00f3ria e os profissionais da sa\u00fade composta por um m\u00e9dico e uma enfermeira, quando os tr\u00eas perderam a vida na colis\u00e3o.<\/p>\n\n\n\n<p>Chovia na hora, a pista estava escorregadia e com muitas imperfei\u00e7\u00f5es podem ter contribu\u00eddo para ocorrer o acidente.<\/p>\n\n\n\n<p>Relatos apontam que a fam\u00edlia do idoso seguia em outro ve\u00edculo logo atr\u00e1s e presenciaram o acidente. Moradores pr\u00f3ximos tentaram prestar ajuda, mas as v\u00edtimas n\u00e3o resistiram aos ferimentos vindo a falecer no local.<\/p>\n\n\n\n<p>O motorista da ambul\u00e2ncia do SAMU foi socorrido em estado grave, e encaminhado ao Hospital Regional de Uni\u00e3o da Vit\u00f3ria para atendimento, infelizmente na madrugada desta quinta-feira (26),  ele n\u00e3o resistiu aos ferimentos e veio a \u00f3bito.<\/p>\n\n\n\n<figure class=\"wp-block-gallery has-nested-images columns-default is-cropped wp-block-gallery-1 is-layout-flex wp-block-gallery-is-layout-flex\">\n<figure class=\"wp-block-image size-large\"><img decoding=\"async\" data-id=\"31800\" src=\"https:\/\/radiostudiow.com.br\/site\/wp-content\/uploads\/2024\/12\/469123826_1067698055367090_8061239310061310478_n-1-1024x1000.jpg\" alt=\"\" class=\"wp-image-31800\"\/><\/figure>\n\n\n\n<figure class=\"wp-block-image size-large\"><img decoding=\"async\" data-id=\"31936\" src=\"https:\/\/radiostudiow.com.br\/site\/wp-content\/uploads\/2024\/12\/ZAIONS-FEED2-1024x1000.png\" alt=\"\" class=\"wp-image-31936\"\/><\/figure>\n<\/figure>\n\n\n\n<p><strong>Segundo informa\u00e7\u00f5es apuradas pelo Portal Clic Sul News, as v\u00edtimas s\u00e3o:<\/strong><\/p>\n\n\n\n<p>\u2022 Dr. Leandro Martins (m\u00e9dico),<\/p>\n\n\n\n<p>\u2022 Brenda Santos (enfermeira),<\/p>\n\n\n\n<p>\u2022 Alisson Ferreira (motorista),<\/p>\n\n\n\n<p>\u2022 Altair Silva dos Santos (paciente que estava sendo transportado).<\/p>\n\n\n\n<p>No caminh\u00e3o estariam dois ocupantes, sendo o motorista e uma mulher encaminhados com ferimentos para o pronto atendimento de S\u00e3o Mateus do Sul.<\/p>\n\n\n\n<p>A ocorr\u00eancia mobilizou equipes de resgate do Corpo de Bombeiros de S\u00e3o Mateus do Sul e tamb\u00e9m a Brigada Comunit\u00e1ria de Paulo Frontin al\u00e9m de equipes do SAMU.<\/p>\n\n\n\n<figure class=\"wp-block-image size-full\"><img loading=\"lazy\" decoding=\"async\" width=\"598\" height=\"204\" src=\"https:\/\/radiostudiow.com.br\/site\/wp-content\/uploads\/2024\/12\/image-95.png\" alt=\"\" class=\"wp-image-31919\" srcset=\"https:\/\/radiostudiow.com.br\/site\/wp-content\/uploads\/2024\/12\/image-95.png 598w, https:\/\/radiostudiow.com.br\/site\/wp-content\/uploads\/2024\/12\/image-95-300x102.png 300w\" sizes=\"auto, (max-width: 598px) 100vw, 598px\" \/><\/figure>\n\n\n\n<p>O tr\u00e2nsito na BR-476 ficou interrompido v\u00e1rias horas para o trabalho das equipes e remo\u00e7\u00e3o dos ve\u00edculos envolvidos. A Pol\u00edcia Rodovi\u00e1ria Federal (PRF) ir\u00e1 investigar as causas do acidente.<\/p>\n\n\n\n<p>Os corpos foram encaminhados ao Instituto M\u00e9dico-Legal (IML) de Uni\u00e3o da Vit\u00f3ria, onde aguardam libera\u00e7\u00e3o.<\/p>\n\n\n\n<figure class=\"wp-block-gallery has-nested-images columns-default is-cropped wp-block-gallery-2 is-layout-flex wp-block-gallery-is-layout-flex\">\n<figure class=\"wp-block-image size-large\"><img loading=\"lazy\" decoding=\"async\" width=\"578\" height=\"936\" data-id=\"32090\" src=\"https:\/\/radiostudiow.com.br\/site\/wp-content\/uploads\/2024\/12\/471414563_1086498683487027_3644558884422298438_n.jpg\" alt=\"\" class=\"wp-image-32090\" srcset=\"https:\/\/radiostudiow.com.br\/site\/wp-content\/uploads\/2024\/12\/471414563_1086498683487027_3644558884422298438_n.jpg 578w, https:\/\/radiostudiow.com.br\/site\/wp-content\/uploads\/2024\/12\/471414563_1086498683487027_3644558884422298438_n-185x300.jpg 185w\" sizes=\"auto, (max-width: 578px) 100vw, 578px\" \/><\/figure>\n\n\n\n<figure class=\"wp-block-image size-large\"><img loading=\"lazy\" decoding=\"async\" width=\"515\" height=\"723\" data-id=\"32091\" src=\"https:\/\/radiostudiow.com.br\/site\/wp-content\/uploads\/2024\/12\/471504889_1086498640153698_8542808860238632613_n.jpg\" alt=\"\" class=\"wp-image-32091\" srcset=\"https:\/\/radiostudiow.com.br\/site\/wp-content\/uploads\/2024\/12\/471504889_1086498640153698_8542808860238632613_n.jpg 515w, https:\/\/radiostudiow.com.br\/site\/wp-content\/uploads\/2024\/12\/471504889_1086498640153698_8542808860238632613_n-214x300.jpg 214w\" sizes=\"auto, (max-width: 515px) 100vw, 515px\" \/><\/figure>\n\n\n\n<figure class=\"wp-block-image size-large\"><img loading=\"lazy\" decoding=\"async\" width=\"585\" height=\"1024\" data-id=\"32089\" src=\"https:\/\/radiostudiow.com.br\/site\/wp-content\/uploads\/2024\/12\/471557885_1086498596820369_6178945914032047451_n-585x1024.jpg\" alt=\"\" class=\"wp-image-32089\" srcset=\"https:\/\/radiostudiow.com.br\/site\/wp-content\/uploads\/2024\/12\/471557885_1086498596820369_6178945914032047451_n-585x1024.jpg 585w, https:\/\/radiostudiow.com.br\/site\/wp-content\/uploads\/2024\/12\/471557885_1086498596820369_6178945914032047451_n-171x300.jpg 171w, https:\/\/radiostudiow.com.br\/site\/wp-content\/uploads\/2024\/12\/471557885_1086498596820369_6178945914032047451_n.jpg 617w\" sizes=\"auto, (max-width: 585px) 100vw, 585px\" \/><\/figure>\n<\/figure>\n","protected":false},"excerpt":{"rendered":"<p>Noite de Natal triste e tr\u00e1gica em uma das nossas rodovias que cortam a regi\u00e3o. Um acidente de propor\u00e7\u00f5es Grav\u00edssimas foi registrado na BR-476, na regi\u00e3o do Limoeiro, munic\u00edpio de Paulo Frontin nesta quarta-feira dia 25 de dezembro. De acordo com testemunhas, uma ambul\u00e2ncia do SAMU (Servi\u00e7o de Atendimento M\u00f3vel de Urg\u00eancia), acabou colidindo de [&hellip;]<\/p>\n","protected":false},"author":2,"featured_media":32088,"comment_status":"open","ping_status":"open","sticky":false,"template":"","format":"standard","meta":{"footnotes":""},"categories":[185],"tags":[172],"class_list":["post-32087","post","type-post","status-publish","format-standard","has-post-thumbnail","hentry","category-regional","tag-featured"],"amp_enabled":true,"_links":{"self":[{"href":"https:\/\/radiostudiow.com.br\/site\/wp-json\/wp\/v2\/posts\/32087","targetHints":{"allow":["GET"]}}],"collection":[{"href":"https:\/\/radiostudiow.com.br\/site\/wp-json\/wp\/v2\/posts"}],"about":[{"href":"https:\/\/radiostudiow.com.br\/site\/wp-json\/wp\/v2\/types\/post"}],"author":[{"embeddable":true,"href":"https:\/\/radiostudiow.com.br\/site\/wp-json\/wp\/v2\/users\/2"}],"replies":[{"embeddable":true,"href":"https:\/\/radiostudiow.com.br\/site\/wp-json\/wp\/v2\/comments?post=32087"}],"version-history":[{"count":1,"href":"https:\/\/radiostudiow.com.br\/site\/wp-json\/wp\/v2\/posts\/32087\/revisions"}],"predecessor-version":[{"id":32092,"href":"https:\/\/radiostudiow.com.br\/site\/wp-json\/wp\/v2\/posts\/32087\/revisions\/32092"}],"wp:featuredmedia":[{"embeddable":true,"href":"https:\/\/radiostudiow.com.br\/site\/wp-json\/wp\/v2\/media\/32088"}],"wp:attachment":[{"href":"https:\/\/radiostudiow.com.br\/site\/wp-json\/wp\/v2\/media?parent=32087"}],"wp:term":[{"taxonomy":"category","embeddable":true,"href":"https:\/\/radiostudiow.com.br\/site\/wp-json\/wp\/v2\/categories?post=32087"},{"taxonomy":"post_tag","embeddable":true,"href":"https:\/\/radiostudiow.com.br\/site\/wp-json\/wp\/v2\/tags?post=32087"}],"curies":[{"name":"wp","href":"https:\/\/api.w.org\/{rel}","templated":true}]}}