{"id":32111,"date":"2024-12-26T17:37:53","date_gmt":"2024-12-26T20:37:53","guid":{"rendered":"https:\/\/radiostudiow.com.br\/site\/?p=32111"},"modified":"2025-01-31T14:58:03","modified_gmt":"2025-01-31T17:58:03","slug":"multa-por-crimes-ambientais-cresce-24-no-parana-entre-janeiro-e-novembro-de-2024","status":"publish","type":"post","link":"https:\/\/radiostudiow.com.br\/site\/2024\/12\/26\/multa-por-crimes-ambientais-cresce-24-no-parana-entre-janeiro-e-novembro-de-2024\/","title":{"rendered":"Multa por crimes ambientais cresce 24% no Paran\u00e1 entre janeiro e novembro de 2024"},"content":{"rendered":"\n<p>O Governo do Estado, por meio do Instituto \u00c1gua e Terra (IAT), aplicou R$ 229 milh\u00f5es em multas por desmatamento ilegal e outros crimes ambientais no Paran\u00e1 at\u00e9 novembro deste ano, um aumento de 24,96% em rela\u00e7\u00e3o ao mesmo per\u00edodo do ano passado (R$ 183 milh\u00f5es).<\/p>\n\n\n\n<p>Desse total, R$ 124 milh\u00f5es (54,15%) foram em raz\u00e3o de danos causados \u00e0 flora, especialmente \u00e0 Mata Atl\u00e2ntica. Os dados s\u00e3o do Sistema de Informa\u00e7\u00f5es Ambientais (SIA) do IAT, \u00f3rg\u00e3o vinculado \u00e0 Secretaria de Estado do Desenvolvimento Sustent\u00e1vel (Sedest).<\/p>\n\n\n\n<figure class=\"wp-block-image size-full\"><img loading=\"lazy\" decoding=\"async\" width=\"590\" height=\"204\" src=\"https:\/\/radiostudiow.com.br\/site\/wp-content\/uploads\/2024\/04\/image-27.png\" alt=\"\" class=\"wp-image-21280\" srcset=\"https:\/\/radiostudiow.com.br\/site\/wp-content\/uploads\/2024\/04\/image-27.png 590w, https:\/\/radiostudiow.com.br\/site\/wp-content\/uploads\/2024\/04\/image-27-300x104.png 300w\" sizes=\"auto, (max-width: 590px) 100vw, 590px\" \/><\/figure>\n\n\n\n<p>O levantamento revela ainda que este ano foram lavrados 8.977 Autos de Infra\u00e7\u00e3o Ambiental (AIA) por ilegalidades ambientais \u2013 que s\u00e3o a\u00e7\u00f5es ou omiss\u00f5es que prejudicam o meio ambiente e os recursos naturais, de forma direta ou indireta. O n\u00famero de 2024 representa eleva\u00e7\u00e3o de 26% frente a 2023 (7.124 AIAs). Desse total, 4.783 referentes \u00e0 flora.<\/p>\n\n\n\n<p>O valor recolhido pelo Estado com as infra\u00e7\u00f5es \u00e9 repassado integralmente ao Fundo Estadual do Meio Ambiente. A reserva financeira tem como finalidade financiar planos, programas ou projetos que objetivem o controle, a preserva\u00e7\u00e3o, a conserva\u00e7\u00e3o e a recupera\u00e7\u00e3o do meio ambiente, conforme a Lei Estadual 12.945\/2000.<\/p>\n\n\n\n<p>Engenheira florestal do N\u00facleo da Intelig\u00eancia Geogr\u00e1fica e da Informa\u00e7\u00e3o (NGI) do IAT, Aline Canetti destaca que o aumento do volume de multas refor\u00e7a a efic\u00e1cia do trabalho desenvolvido pelo IAT no combate ao desmatamento criminoso no Estado \u2013 a&nbsp;<strong><a href=\"https:\/\/www.aen.pr.gov.br\/Noticia\/Parana-reduz-desmatamento-ilegal-em-707-melhor-indice-do-Pais-aponta-MapBiomas\" target=\"_blank\" rel=\"noreferrer noopener\">queda na supress\u00e3o florestal foi superior a 70% em 2023<\/a><\/strong>.<\/p>\n\n\n\n<figure class=\"wp-block-image size-full\"><img loading=\"lazy\" decoding=\"async\" width=\"1024\" height=\"683\" src=\"https:\/\/radiostudiow.com.br\/site\/wp-content\/uploads\/2024\/12\/image-47-1024x683-1.png\" alt=\"\" class=\"wp-image-32114\" srcset=\"https:\/\/radiostudiow.com.br\/site\/wp-content\/uploads\/2024\/12\/image-47-1024x683-1.png 1024w, https:\/\/radiostudiow.com.br\/site\/wp-content\/uploads\/2024\/12\/image-47-1024x683-1-300x200.png 300w, https:\/\/radiostudiow.com.br\/site\/wp-content\/uploads\/2024\/12\/image-47-1024x683-1-768x512.png 768w\" sizes=\"auto, (max-width: 1024px) 100vw, 1024px\" \/><figcaption class=\"wp-element-caption\"><em>Foto: IAT<\/em><\/figcaption><\/figure>\n\n\n\n<p><em><strong>\u201cAs opera\u00e7\u00f5es de for\u00e7a-tarefa que o IAT realiza mostram claramente para a popula\u00e7\u00e3o que os crimes ambientais n\u00e3o ficam impunes. A tecnologia, como o uso de imagens sat\u00e9lite, nos permite mapear danos ambientais, mesmo que eles tenham ocorrido h\u00e1 anos, e isso garante que os autores sejam responsabilizados\u201d, afirma. \u201cCom a intensifica\u00e7\u00e3o da fiscaliza\u00e7\u00e3o e das iniciativas de educa\u00e7\u00e3o ambiental, o Paran\u00e1 conseguiu reduzir o desmatamento em quase 80%, o que j\u00e1 \u00e9 um resultado bem expressivo\u201d.<\/strong><\/em><\/p>\n\n\n\n<p>Paralelamente, segundo levantamento organizado pelo IAT com base em dados de 2021 da plataforma colaborativa MapBiomas, especializada em meio ambiente, o Paran\u00e1 teve um aumento significativo de cobertura florestal natural nos \u00faltimos anos. Passou de 54.856 km\u00b2 em 2017 para 55.061 km\u00b2 em 2022, uma diferen\u00e7a de 205 km\u00b2, o equivalente a uma \u00e1rea de 20,5 mil campos de futebol.<\/p>\n\n\n\n<p>O Paran\u00e1 foi o \u00fanico estado do Sul do Pa\u00eds com aumento de cobertura vegetal no per\u00edodo. Santa Catarina reduziu a vegeta\u00e7\u00e3o de 40,4 mil km\u00b2 para 39,6 mil km\u00b2 de 2017 a 2021. J\u00e1 no Rio Grande do Sul passou de 27,9 mil km\u00b2 para 27,7 mil km\u00b2 no mesmo per\u00edodo. Em Santa Catarina houve um decl\u00ednio constante da \u00e1rea verde desde 1985, com aumento entre 2010 e 2015, mesma realidade do Rio Grande do Sul, que observou uma pequena mudan\u00e7a de cen\u00e1rio entre 2012 e 2018.<\/p>\n\n\n\n<figure class=\"wp-block-image size-full\"><img loading=\"lazy\" decoding=\"async\" width=\"851\" height=\"315\" src=\"https:\/\/radiostudiow.com.br\/site\/wp-content\/uploads\/2024\/12\/image-124.png\" alt=\"\" class=\"wp-image-32112\" srcset=\"https:\/\/radiostudiow.com.br\/site\/wp-content\/uploads\/2024\/12\/image-124.png 851w, https:\/\/radiostudiow.com.br\/site\/wp-content\/uploads\/2024\/12\/image-124-300x111.png 300w, https:\/\/radiostudiow.com.br\/site\/wp-content\/uploads\/2024\/12\/image-124-768x284.png 768w\" sizes=\"auto, (max-width: 851px) 100vw, 851px\" \/><figcaption class=\"wp-element-caption\"><a href=\"https:\/\/www.facebook.com\/sepacbr\"><strong>https:\/\/www.facebook.com\/sepacbr<\/strong><\/a><\/figcaption><\/figure>\n\n\n\n<p><strong>COMO AJUDAR<\/strong>&nbsp;\u2013 A den\u00fancia \u00e9 a melhor forma de contribuir para minimizar cada vez mais os crimes contra a flora e a fauna silvestres. Quem pratica o desmatamento ilegal est\u00e1 sujeito a penalidades administrativas previstas na Lei Federal n\u00ba 9.605\/98 (Lei de Crimes Ambientais) e no Decreto Federal n\u00ba 6.514\/08 (Condutas Infracionais ao Meio Ambiente). O respons\u00e1vel tamb\u00e9m pode responder a processo por crime ambiental.<\/p>\n\n\n\n<p>O principal canal do Batalh\u00e3o Ambiental \u00e9 o Disque-Den\u00fancia 181, o qual possibilita que seja feita uma an\u00e1lise e verifica\u00e7\u00e3o in loco de todas as informa\u00e7\u00f5es recebidas do cidad\u00e3o.<\/p>\n\n\n\n<figure class=\"wp-block-image size-full\"><img loading=\"lazy\" decoding=\"async\" width=\"1024\" height=\"683\" src=\"https:\/\/radiostudiow.com.br\/site\/wp-content\/uploads\/2024\/12\/image-49-1024x683-1.png\" alt=\"\" class=\"wp-image-32115\" srcset=\"https:\/\/radiostudiow.com.br\/site\/wp-content\/uploads\/2024\/12\/image-49-1024x683-1.png 1024w, https:\/\/radiostudiow.com.br\/site\/wp-content\/uploads\/2024\/12\/image-49-1024x683-1-300x200.png 300w, https:\/\/radiostudiow.com.br\/site\/wp-content\/uploads\/2024\/12\/image-49-1024x683-1-768x512.png 768w\" sizes=\"auto, (max-width: 1024px) 100vw, 1024px\" \/><figcaption class=\"wp-element-caption\"><em>Foto: IAT<\/em><\/figcaption><\/figure>\n\n\n\n<p>No IAT, a den\u00fancia deve ser registrada junto ao servi\u00e7o de Ouvidoria, dispon\u00edvel no Fale Conosco, ou nos escrit\u00f3rios regionais. \u00c9 importante informar a localiza\u00e7\u00e3o e os acontecimentos de forma objetiva e precisa. Quanto mais detalhes sobre a ocorr\u00eancia, melhor ser\u00e1 a apura\u00e7\u00e3o dos fatos e mais rapidamente as equipes conseguem realizar o atendimento.<\/p>\n\n\n\n<p><em><strong>Reportagem: AEN<\/strong><\/em><\/p>\n","protected":false},"excerpt":{"rendered":"<p>O Governo do Estado, por meio do Instituto \u00c1gua e Terra (IAT), aplicou R$ 229 milh\u00f5es em multas por desmatamento ilegal e outros crimes ambientais no Paran\u00e1 at\u00e9 novembro deste ano, um aumento de 24,96% em rela\u00e7\u00e3o ao mesmo per\u00edodo do ano passado (R$ 183 milh\u00f5es). Desse total, R$ 124 milh\u00f5es (54,15%) foram em raz\u00e3o [&hellip;]<\/p>\n","protected":false},"author":2,"featured_media":32113,"comment_status":"open","ping_status":"open","sticky":false,"template":"","format":"standard","meta":{"footnotes":""},"categories":[2],"tags":[172],"class_list":["post-32111","post","type-post","status-publish","format-standard","has-post-thumbnail","hentry","category-policial","tag-featured"],"amp_enabled":true,"_links":{"self":[{"href":"https:\/\/radiostudiow.com.br\/site\/wp-json\/wp\/v2\/posts\/32111","targetHints":{"allow":["GET"]}}],"collection":[{"href":"https:\/\/radiostudiow.com.br\/site\/wp-json\/wp\/v2\/posts"}],"about":[{"href":"https:\/\/radiostudiow.com.br\/site\/wp-json\/wp\/v2\/types\/post"}],"author":[{"embeddable":true,"href":"https:\/\/radiostudiow.com.br\/site\/wp-json\/wp\/v2\/users\/2"}],"replies":[{"embeddable":true,"href":"https:\/\/radiostudiow.com.br\/site\/wp-json\/wp\/v2\/comments?post=32111"}],"version-history":[{"count":1,"href":"https:\/\/radiostudiow.com.br\/site\/wp-json\/wp\/v2\/posts\/32111\/revisions"}],"predecessor-version":[{"id":32116,"href":"https:\/\/radiostudiow.com.br\/site\/wp-json\/wp\/v2\/posts\/32111\/revisions\/32116"}],"wp:featuredmedia":[{"embeddable":true,"href":"https:\/\/radiostudiow.com.br\/site\/wp-json\/wp\/v2\/media\/32113"}],"wp:attachment":[{"href":"https:\/\/radiostudiow.com.br\/site\/wp-json\/wp\/v2\/media?parent=32111"}],"wp:term":[{"taxonomy":"category","embeddable":true,"href":"https:\/\/radiostudiow.com.br\/site\/wp-json\/wp\/v2\/categories?post=32111"},{"taxonomy":"post_tag","embeddable":true,"href":"https:\/\/radiostudiow.com.br\/site\/wp-json\/wp\/v2\/tags?post=32111"}],"curies":[{"name":"wp","href":"https:\/\/api.w.org\/{rel}","templated":true}]}}