{"id":32117,"date":"2024-12-26T17:40:35","date_gmt":"2024-12-26T20:40:35","guid":{"rendered":"https:\/\/radiostudiow.com.br\/site\/?p=32117"},"modified":"2025-01-31T14:58:03","modified_gmt":"2025-01-31T17:58:03","slug":"calendario-do-bolsa-familia-em-2025-esta-disponivel","status":"publish","type":"post","link":"https:\/\/radiostudiow.com.br\/site\/2024\/12\/26\/calendario-do-bolsa-familia-em-2025-esta-disponivel\/","title":{"rendered":"Calend\u00e1rio do Bolsa Fam\u00edlia em 2025 est\u00e1 dispon\u00edvel"},"content":{"rendered":"\n<p>Os cerca de 21 milh\u00f5es de benefici\u00e1rios do Bolsa Fam\u00edlia j\u00e1&nbsp;podem&nbsp;conferir a data de pagamento do programa social. O Minist\u00e9rio do Desenvolvimento e Assist\u00eancia Social, Fam\u00edlia e Combate \u00e0 Fome (MDS) divulgou nesta segunda-feira (23) o calend\u00e1rio dos benef\u00edcios para todo o pr\u00f3ximo ano.<img decoding=\"async\" src=\"https:\/\/agenciabrasil.ebc.com.br\/ebc.png?id=1624868&amp;o=node\"><img decoding=\"async\" src=\"https:\/\/agenciabrasil.ebc.com.br\/ebc.gif?id=1624868&amp;o=node\"><\/p>\n\n\n\n<p>Os pagamentos ocorrer\u00e3o nos \u00faltimos dez dias \u00fateis de cada m\u00eas, de forma escalonada conforme o d\u00edgito final do N\u00famero de Inscri\u00e7\u00e3o Social (NIS), exceto em dezembro, quando o cronograma \u00e9 antecipado em cerca de uma semana por causa do Natal. Os dep\u00f3sitos come\u00e7ar\u00e3o em 20 de janeiro, para as fam\u00edlias com NIS de final 1, e terminar\u00e3o em 23 de dezembro, para as fam\u00edlias com NIS de final 0.<\/p>\n\n\n\n<figure class=\"wp-block-image size-full\"><img loading=\"lazy\" decoding=\"async\" width=\"598\" height=\"204\" src=\"https:\/\/radiostudiow.com.br\/site\/wp-content\/uploads\/2024\/12\/image-95.png\" alt=\"\" class=\"wp-image-31919\" srcset=\"https:\/\/radiostudiow.com.br\/site\/wp-content\/uploads\/2024\/12\/image-95.png 598w, https:\/\/radiostudiow.com.br\/site\/wp-content\/uploads\/2024\/12\/image-95-300x102.png 300w\" sizes=\"auto, (max-width: 598px) 100vw, 598px\" \/><\/figure>\n\n\n\n<p>Para evitar a perda do benef\u00edcio, o MDS recomenda que cada benefici\u00e1rio atualize os dados dele e da fam\u00edlia no Cadastro \u00danico para Programas Sociais do Governo Federal (Cad\u00danico) a cada 24 meses. Ap\u00f3s a aprova\u00e7\u00e3o do pacote de corte de gastos, o processo exigir\u00e1 biometria.<\/p>\n\n\n\n<p>A atualiza\u00e7\u00e3o dos dados exige que a pessoa respons\u00e1vel pela fam\u00edlia v\u00e1 a um posto de atendimento socioassistencial, como o Centro de Refer\u00eancia de Assist\u00eancia Social (Cras), ou a um posto de atendimento do Cadastro \u00danico. Al\u00e9m de apresentar os documentos de cada pessoa da fam\u00edlia, o benefici\u00e1rio dever\u00e1 comprovar a renda domiciliar.<\/p>\n\n\n\n<h3 class=\"wp-block-heading\"><strong>Regra<\/strong><\/h3>\n\n\n\n<p>O Bolsa Fam\u00edlia \u00e9 pago a quem tem renda de, no m\u00e1ximo, R$ 218 mensais para cada integrante da fam\u00edlia que vive na mesma casa, al\u00e9m de estar inscrito no Cad\u00danico. O cadastramento \u00e9 feito em postos de atendimento da assist\u00eancia social dos munic\u00edpios. Ao recriar o Bolsa Fam\u00edlia, em mar\u00e7o de 2023, o Governo Federal passou a garantir o repasse m\u00ednimo de R$ 600 por fam\u00edlia inscrita, com adicionais conforme a composi\u00e7\u00e3o da fam\u00edlia. Os pagamentos s\u00e3o feitos pelo aplicativo Caixa Tem ou podem ser sacados em caixas eletr\u00f4nicos por quem tem o cart\u00e3o do programa social.<\/p>\n\n\n\n<p>O Benef\u00edcio Vari\u00e1vel Familiar Nutriz paga seis parcelas de R$ 50 a m\u00e3es de beb\u00eas de at\u00e9 seis meses de idade, para garantir a alimenta\u00e7\u00e3o da crian\u00e7a. O Bolsa Fam\u00edlia tamb\u00e9m paga um acr\u00e9scimo de R$ 50 a fam\u00edlias com gestantes e filhos de 7 a 18 anos e outro, de R$ 150, a fam\u00edlias com crian\u00e7as de at\u00e9 6 anos.<\/p>\n\n\n\n<figure class=\"wp-block-image size-full\"><img loading=\"lazy\" decoding=\"async\" width=\"897\" height=\"204\" src=\"https:\/\/radiostudiow.com.br\/site\/wp-content\/uploads\/2024\/11\/image-49.png\" alt=\"\" class=\"wp-image-30017\" srcset=\"https:\/\/radiostudiow.com.br\/site\/wp-content\/uploads\/2024\/11\/image-49.png 897w, https:\/\/radiostudiow.com.br\/site\/wp-content\/uploads\/2024\/11\/image-49-300x68.png 300w, https:\/\/radiostudiow.com.br\/site\/wp-content\/uploads\/2024\/11\/image-49-768x175.png 768w\" sizes=\"auto, (max-width: 897px) 100vw, 897px\" \/><\/figure>\n\n\n\n<h3 class=\"wp-block-heading\"><strong>Informa\u00e7\u00f5es<\/strong><\/h3>\n\n\n\n<p>Quem tiver d\u00favidas sobre o Bolsa Fam\u00edlia deve ligar no Disque Social, no n\u00famero 121. Tamb\u00e9m \u00e9 poss\u00edvel acionar o canal de atendimento da Caixa Econ\u00f4mica Federal, por meio do n\u00famero 111. O benefici\u00e1rio pode ainda consultar os aplicativos do Bolsa Fam\u00edlia e da Caixa, dispon\u00edveis para download gratuito nas lojas virtuais.<\/p>\n\n\n\n<h3 class=\"wp-block-heading\"><strong>Confira o calend\u00e1rio de pagamento dos benef\u00edcios do Bolsa Fam\u00edlia em 2025<\/strong><\/h3>\n\n\n\n<figure class=\"wp-block-image size-full\"><img loading=\"lazy\" decoding=\"async\" width=\"754\" height=\"327\" src=\"https:\/\/radiostudiow.com.br\/site\/wp-content\/uploads\/2024\/12\/image-125.png\" alt=\"\" class=\"wp-image-32118\" srcset=\"https:\/\/radiostudiow.com.br\/site\/wp-content\/uploads\/2024\/12\/image-125.png 754w, https:\/\/radiostudiow.com.br\/site\/wp-content\/uploads\/2024\/12\/image-125-300x130.png 300w\" sizes=\"auto, (max-width: 754px) 100vw, 754px\" \/><\/figure>\n\n\n\n<p><em>Reportagem: Ag\u00eancia Brasil<\/em><\/p>\n","protected":false},"excerpt":{"rendered":"<p>Os cerca de 21 milh\u00f5es de benefici\u00e1rios do Bolsa Fam\u00edlia j\u00e1&nbsp;podem&nbsp;conferir a data de pagamento do programa social. O Minist\u00e9rio do Desenvolvimento e Assist\u00eancia Social, Fam\u00edlia e Combate \u00e0 Fome (MDS) divulgou nesta segunda-feira (23) o calend\u00e1rio dos benef\u00edcios para todo o pr\u00f3ximo ano. Os pagamentos ocorrer\u00e3o nos \u00faltimos dez dias \u00fateis de cada m\u00eas, [&hellip;]<\/p>\n","protected":false},"author":2,"featured_media":30452,"comment_status":"open","ping_status":"open","sticky":false,"template":"","format":"standard","meta":{"footnotes":""},"categories":[7],"tags":[172],"class_list":["post-32117","post","type-post","status-publish","format-standard","has-post-thumbnail","hentry","category-geral","tag-featured"],"amp_enabled":true,"_links":{"self":[{"href":"https:\/\/radiostudiow.com.br\/site\/wp-json\/wp\/v2\/posts\/32117","targetHints":{"allow":["GET"]}}],"collection":[{"href":"https:\/\/radiostudiow.com.br\/site\/wp-json\/wp\/v2\/posts"}],"about":[{"href":"https:\/\/radiostudiow.com.br\/site\/wp-json\/wp\/v2\/types\/post"}],"author":[{"embeddable":true,"href":"https:\/\/radiostudiow.com.br\/site\/wp-json\/wp\/v2\/users\/2"}],"replies":[{"embeddable":true,"href":"https:\/\/radiostudiow.com.br\/site\/wp-json\/wp\/v2\/comments?post=32117"}],"version-history":[{"count":1,"href":"https:\/\/radiostudiow.com.br\/site\/wp-json\/wp\/v2\/posts\/32117\/revisions"}],"predecessor-version":[{"id":32119,"href":"https:\/\/radiostudiow.com.br\/site\/wp-json\/wp\/v2\/posts\/32117\/revisions\/32119"}],"wp:featuredmedia":[{"embeddable":true,"href":"https:\/\/radiostudiow.com.br\/site\/wp-json\/wp\/v2\/media\/30452"}],"wp:attachment":[{"href":"https:\/\/radiostudiow.com.br\/site\/wp-json\/wp\/v2\/media?parent=32117"}],"wp:term":[{"taxonomy":"category","embeddable":true,"href":"https:\/\/radiostudiow.com.br\/site\/wp-json\/wp\/v2\/categories?post=32117"},{"taxonomy":"post_tag","embeddable":true,"href":"https:\/\/radiostudiow.com.br\/site\/wp-json\/wp\/v2\/tags?post=32117"}],"curies":[{"name":"wp","href":"https:\/\/api.w.org\/{rel}","templated":true}]}}