{"id":32120,"date":"2024-12-26T18:22:26","date_gmt":"2024-12-26T21:22:26","guid":{"rendered":"https:\/\/radiostudiow.com.br\/site\/?p=32120"},"modified":"2025-01-31T14:58:03","modified_gmt":"2025-01-31T17:58:03","slug":"conheca-mais-sobre-as-vitimas-do-grave-acidente-com-ambulancia-do-samu-na-br-476-em-paulo-frontin","status":"publish","type":"post","link":"https:\/\/radiostudiow.com.br\/site\/2024\/12\/26\/conheca-mais-sobre-as-vitimas-do-grave-acidente-com-ambulancia-do-samu-na-br-476-em-paulo-frontin\/","title":{"rendered":"Conhe\u00e7a melhor as v\u00edtimas do grave acidente com ambul\u00e2ncia do SAMU na BR-476, em Paulo Frontin"},"content":{"rendered":"\n<p>A cidade de S\u00e3o Mateus do Sul ainda est\u00e1 abalada com o grav\u00edssimo acidente na noite desta quarta-feira (25), na BR-476, na Curva do Limoeiro, em Paulo Frontin, que envolveu uma ambul\u00e2ncia do SAMU e um caminh\u00e3o.<\/p>\n\n\n\n<p>As v\u00edtimas foram identificadas como Leandro Melo Martins (m\u00e9dico), Brenda Santos Bachinski (enfermeira), Alisson Ferreira (condutor) e Altair Silva dos Santos (paciente que era transportado).<\/p>\n\n\n\n<p><strong>Confira abaixo um levantamento feito pelo Portal g1 sobre os dados de cada uma das v\u00edtimas.<\/strong><\/p>\n\n\n\n<h2 class=\"wp-block-heading\">Leandro Melo Martins, m\u00e9dico<\/h2>\n\n\n\n<figure class=\"wp-block-image\"><img decoding=\"async\" src=\"https:\/\/portalrdx.com.br\/wp-content\/uploads\/2024\/12\/LEANDRO-MELO-MARTINS-1024x538.jpg\" alt=\"\" class=\"wp-image-92654\"\/><figcaption class=\"wp-element-caption\">Foto: Reprodu\u00e7\u00e3o.<\/figcaption><\/figure>\n\n\n\n<p>Leandro Melo Martins tinha 41 anos, era m\u00e9dico e natural de Minas Gerais.<\/p>\n\n\n\n<p>Registrado desde 2010 no Conselho Federal de Medicina, tinha registros regionais ativos em Minas Gerais, Paran\u00e1, Santa Catarina e S\u00e3o Paulo.<\/p>\n\n\n\n<p>De acordo com informa\u00e7\u00f5es do portal da transpar\u00eancia de S\u00e3o Mateus do Sul, ele atuou como m\u00e9dico plantonista no pronto atendimento da cidade entre novembro de 2021 e janeiro de 2023. Atualmente, trabalhava como m\u00e9dico socorrista do Samu.<\/p>\n\n\n\n<p>Ap\u00f3s libera\u00e7\u00e3o do Instituto M\u00e9dico Legal (IML), o corpo dele ser\u00e1 encaminhado a Minas Gerais, de acordo com a Funer\u00e1ria Central.<\/p>\n\n\n\n<p>Ele ser\u00e1 velado a partir de sexta-feira (27) na capela mortu\u00e1ria da cidade de Lagoa da Prata, e o sepultamento est\u00e1 previsto para s\u00e1bado (28), em hor\u00e1rio a definir, no cemit\u00e9rio municipal.<\/p>\n\n\n\n<h2 class=\"wp-block-heading\">Brenda Santos Bachinski, enfermeira<\/h2>\n\n\n\n<figure class=\"wp-block-image\"><img decoding=\"async\" src=\"https:\/\/portalrdx.com.br\/wp-content\/uploads\/2024\/12\/Padrao-para-capa-Portal-RDX-20-1024x538.png\" alt=\"\" class=\"wp-image-92694\"\/><figcaption class=\"wp-element-caption\">Foto: Reprodu\u00e7\u00e3o.<\/figcaption><\/figure>\n\n\n\n<p>Natural de S\u00e3o Mateus do Sul, a enfermeira Brenda Santos Bachinski tinha 26 anos.<\/p>\n\n\n\n<p>De acordo com o Samu, ela atuava na equipe de socorristas h\u00e1 cerca de tr\u00eas anos. A profissional tamb\u00e9m trabalhava no Hospital e Maternidade Dr. Paulo Fortes, de S\u00e3o Mateus do Sul, desde abril de 2021. Ela era coordenadora da maternidade.<\/p>\n\n\n\n<p>Nas redes sociais, a institui\u00e7\u00e3o hospitalar prestou uma homenagem \u00e0 enfermeira.<\/p>\n\n\n\n<blockquote class=\"wp-block-quote is-layout-flow wp-block-quote-is-layout-flow\">\n<p>\u201cPerdemos n\u00e3o s\u00f3 uma excelente profissional, mas tamb\u00e9m uma \u00f3tima parceira, amiga e colega que deixa um grande legado de uma trajet\u00f3ria brilhante. Desejamos for\u00e7a aos familiares e amigos. Que nossa querida Brenda seja recebida por Deus e que descanse em paz\u201d, escreveu o hospital.<\/p>\n<\/blockquote>\n\n\n\n<p>Ap\u00f3s a libera\u00e7\u00e3o do IML, ela ser\u00e1 velada no Centro do Idoso de S\u00e3o Mateus do Sul. A previs\u00e3o \u00e9 que o vel\u00f3rio inicie na tarde desta quinta-feira (26) e o sepultamento na sexta-feira (27), em hor\u00e1rio a ser definido, no cemit\u00e9rio municipal.<\/p>\n\n\n\n<h2 class=\"wp-block-heading\">Alisson Ferreira, motorista da ambul\u00e2ncia<\/h2>\n\n\n\n<figure class=\"wp-block-image\"><img decoding=\"async\" src=\"https:\/\/portalrdx.com.br\/wp-content\/uploads\/2024\/12\/Padrao-para-capa-Portal-RDX-19-1024x538.png\" alt=\"\" class=\"wp-image-92691\"\/><figcaption class=\"wp-element-caption\">Foto: Reprodu\u00e7\u00e3o.<\/figcaption><\/figure>\n\n\n\n<p>Alisson Ferreira era motorista e tinha 35 anos. Ele trabalhava com transporte escolar de van e atuava, h\u00e1 cerca de um ano, como condutor socorrista do Samu.<\/p>\n\n\n\n<p>Natural de Porto Uni\u00e3o (SC), morava em S\u00e3o Mateus do Sul e era aluno do curso de Tecn\u00f3logo em Servi\u00e7os Jur\u00eddicos Cartor\u00e1rios e Notariais.<\/p>\n\n\n\n<p>Ele deixa a namorada e um filho de dois anos. Nas redes sociais, Alisson falava da paix\u00e3o pelo trabalho de motorista, pelo esporte muay thai, por m\u00fasica e viol\u00e3o, por animais e sobre o amor que sentia pela fam\u00edlia.<\/p>\n\n\n\n<p>Ap\u00f3s a libera\u00e7\u00e3o do IML, ele tamb\u00e9m ser\u00e1 velado no Centro do Idoso de S\u00e3o Mateus do Sul a partir da tarde desta quinta-feira (26). O sepultamento ser\u00e1 nesta sexta-feira (27), em hor\u00e1rio a ser definido, no cemit\u00e9rio da Col\u00f4nia Taquaral.<\/p>\n\n\n\n<h2 class=\"wp-block-heading\">Altair Silva dos Santos, paciente que estava sendo transportado<\/h2>\n\n\n\n<figure class=\"wp-block-image\"><img decoding=\"async\" src=\"https:\/\/portalrdx.com.br\/wp-content\/uploads\/2024\/12\/WhatsApp-Image-2024-12-26-at-09.06.11-1024x538.jpeg\" alt=\"\" class=\"wp-image-92637\"\/><figcaption class=\"wp-element-caption\">Foto: Reprodu\u00e7\u00e3o.<\/figcaption><\/figure>\n\n\n\n<p>Altair Silva dos Santos tinha 67 anos e era motorista de \u00f4nibus escolar aposentado.<\/p>\n\n\n\n<p>Morador da regi\u00e3o de Vargem Grande, de S\u00e3o Mateus do Sul, o homem estava sendo transportado pelo Samu ap\u00f3s sofrer um Acidente Vascular Cerebral (AVC).<\/p>\n\n\n\n<p>Ap\u00f3s a libera\u00e7\u00e3o do IML, ele ser\u00e1 velado em casa, na Comunidade do Retiro. A previs\u00e3o \u00e9 que o vel\u00f3rio inicie na tarde desta quinta-feira (26) e o sepultamento na sexta-feira (27), em hor\u00e1rio a ser definido.<\/p>\n\n\n\n<h2 class=\"wp-block-heading\">Investiga\u00e7\u00e3o<\/h2>\n\n\n\n<p>Em nota, a Pol\u00edcia Civil informou que est\u00e1 investigando as causas do acidente.<\/p>\n\n\n\n<p>\u201cA ambul\u00e2ncia perdeu o controle durante uma manobra na pista e colidiu com o caminh\u00e3o que vinha no sentido contr\u00e1rio.[\u2026] As causas da perda de controle da ambul\u00e2ncia ainda est\u00e3o sendo apuradas. Testemunhas que estavam no caminh\u00e3o e familiares de uma das v\u00edtimas fatais est\u00e3o sendo localizados para depoimentos\u201d diz a nota.<\/p>\n\n\n\n<p>A corpora\u00e7\u00e3o tamb\u00e9m afirmou que prestaram atendimento \u00e0 ocorr\u00eancia equipes da Pol\u00edcia Cient\u00edfica, do Corpo de Bombeiros e da PRF.<\/p>\n\n\n\n<p>\u201cA PCPR aguarda os laudos periciais, tanto do local do acidente quanto do laudo t\u00e9cnico, para determinar as causas da colis\u00e3o. A investiga\u00e7\u00e3o foi instaurada e est\u00e1 em andamento\u201d, finaliza.<\/p>\n\n\n\n<h2 class=\"wp-block-heading\"><br>\u2018Perda irrepar\u00e1vel\u2019<\/h2>\n\n\n\n<p>Por meio de nota, o Cons\u00f3rcio Intermunicipal de Sa\u00fade do Vale do Igua\u00e7u (Cisvali) lamentou a morte das v\u00edtimas e destacou a atua\u00e7\u00e3o profissional dos socorristas.<\/p>\n\n\n\n<p>\u201cInfelizmente, perdemos n\u00e3o apenas a vida do paciente, mas tamb\u00e9m de valiosos profissionais que, com dedica\u00e7\u00e3o e coragem, estavam a servi\u00e7o do atendimento \u00e0 popula\u00e7\u00e3o. O CISVALI expressa seu mais sincero pesar \u00e0s fam\u00edlias das v\u00edtimas e a todos os profissionais do SAMU, que, como irm\u00e3os de jornada, sofrem essa perda irrepar\u00e1vel\u201d, diz a nota.<\/p>\n\n\n\n<p>A Prefeitura de S\u00e3o Mateus do Sul&nbsp;<a href=\"https:\/\/portalrdx.com.br\/26\/12\/2024\/prefeitura-municipal-decreta-luto-oficial-pelas-vitimas-do-acidente-na-br-476-em-sao-mateus-do-sul\/\">decretou luto de tr\u00eas dias na cidade<\/a>. Nas redes sociais, a prefeita Fernanda Sardanha fez uma homenagem \u00e0s v\u00edtimas.<\/p>\n\n\n\n<blockquote class=\"wp-block-quote is-layout-flow wp-block-quote-is-layout-flow\">\n<p>\u201cTem momentos que nos faltam palavras para expressar tamanha a dor dos familiares atingidos por essa trag\u00e9dia. E hoje, tamb\u00e9m, a dor de cada profissional da sa\u00fade. S\u00f3 eles sabem dos desafios di\u00e1rios enfrentados na luta para salvar vidas\u201d, destacou.<\/p>\n<\/blockquote>\n\n\n\n<figure class=\"wp-block-image\"><img decoding=\"async\" src=\"https:\/\/scontent.fcfc2-1.fna.fbcdn.net\/v\/t51.75761-15\/471626401_18455141464067527_5676987560801686168_n.jpg?_nc_cat=105&amp;ccb=1-7&amp;_nc_sid=127cfc&amp;_nc_ohc=quPMEc2BImEQ7kNvgF1HfP8&amp;_nc_zt=23&amp;_nc_ht=scontent.fcfc2-1.fna&amp;_nc_gid=ASyV66fwQIvKgxaseJUvtAr&amp;oh=00_AYDMdS8xNLXczyKyOKYrs7HwtAXsPzvlmiT04ShG9dlfiQ&amp;oe=677392E8\" alt=\"Pode ser uma imagem de texto\"\/><\/figure>\n\n\n\n<p><strong><em>Com informa\u00e7\u00f5es g1<\/em><\/strong><\/p>\n","protected":false},"excerpt":{"rendered":"<p>A cidade de S\u00e3o Mateus do Sul ainda est\u00e1 abalada com o grav\u00edssimo acidente na noite desta quarta-feira (25), na BR-476, na Curva do Limoeiro, em Paulo Frontin, que envolveu uma ambul\u00e2ncia do SAMU e um caminh\u00e3o. As v\u00edtimas foram identificadas como Leandro Melo Martins (m\u00e9dico), Brenda Santos Bachinski (enfermeira), Alisson Ferreira (condutor) e Altair [&hellip;]<\/p>\n","protected":false},"author":2,"featured_media":32121,"comment_status":"open","ping_status":"open","sticky":false,"template":"","format":"standard","meta":{"footnotes":""},"categories":[185],"tags":[172],"class_list":["post-32120","post","type-post","status-publish","format-standard","has-post-thumbnail","hentry","category-regional","tag-featured"],"amp_enabled":true,"_links":{"self":[{"href":"https:\/\/radiostudiow.com.br\/site\/wp-json\/wp\/v2\/posts\/32120","targetHints":{"allow":["GET"]}}],"collection":[{"href":"https:\/\/radiostudiow.com.br\/site\/wp-json\/wp\/v2\/posts"}],"about":[{"href":"https:\/\/radiostudiow.com.br\/site\/wp-json\/wp\/v2\/types\/post"}],"author":[{"embeddable":true,"href":"https:\/\/radiostudiow.com.br\/site\/wp-json\/wp\/v2\/users\/2"}],"replies":[{"embeddable":true,"href":"https:\/\/radiostudiow.com.br\/site\/wp-json\/wp\/v2\/comments?post=32120"}],"version-history":[{"count":3,"href":"https:\/\/radiostudiow.com.br\/site\/wp-json\/wp\/v2\/posts\/32120\/revisions"}],"predecessor-version":[{"id":32125,"href":"https:\/\/radiostudiow.com.br\/site\/wp-json\/wp\/v2\/posts\/32120\/revisions\/32125"}],"wp:featuredmedia":[{"embeddable":true,"href":"https:\/\/radiostudiow.com.br\/site\/wp-json\/wp\/v2\/media\/32121"}],"wp:attachment":[{"href":"https:\/\/radiostudiow.com.br\/site\/wp-json\/wp\/v2\/media?parent=32120"}],"wp:term":[{"taxonomy":"category","embeddable":true,"href":"https:\/\/radiostudiow.com.br\/site\/wp-json\/wp\/v2\/categories?post=32120"},{"taxonomy":"post_tag","embeddable":true,"href":"https:\/\/radiostudiow.com.br\/site\/wp-json\/wp\/v2\/tags?post=32120"}],"curies":[{"name":"wp","href":"https:\/\/api.w.org\/{rel}","templated":true}]}}