{"id":32126,"date":"2024-12-26T20:06:12","date_gmt":"2024-12-26T23:06:12","guid":{"rendered":"https:\/\/radiostudiow.com.br\/site\/?p=32126"},"modified":"2025-01-31T14:58:03","modified_gmt":"2025-01-31T17:58:03","slug":"homem-se-fere-com-gravidade-apos-dar-soco-em-vidro-em-frente-a-um-clube-em-porto-uniao","status":"publish","type":"post","link":"https:\/\/radiostudiow.com.br\/site\/2024\/12\/26\/homem-se-fere-com-gravidade-apos-dar-soco-em-vidro-em-frente-a-um-clube-em-porto-uniao\/","title":{"rendered":"Homem se fere com gravidade ap\u00f3s dar soco em vidro em frente a um clube em Porto Uni\u00e3o"},"content":{"rendered":"\n<p>Uma briga registrada na madrugada desta quarta-feira, 25 de Dezembro, em frente a um clube no centro de Porto Uni\u00e3o terminou com um homem gravemente ferido.<\/p>\n\n\n\n<figure class=\"wp-block-image size-full\"><img loading=\"lazy\" decoding=\"async\" width=\"598\" height=\"204\" src=\"https:\/\/radiostudiow.com.br\/site\/wp-content\/uploads\/2024\/12\/image-95.png\" alt=\"\" class=\"wp-image-31919\" srcset=\"https:\/\/radiostudiow.com.br\/site\/wp-content\/uploads\/2024\/12\/image-95.png 598w, https:\/\/radiostudiow.com.br\/site\/wp-content\/uploads\/2024\/12\/image-95-300x102.png 300w\" sizes=\"auto, (max-width: 598px) 100vw, 598px\" \/><\/figure>\n\n\n\n<p>De acordo com informa\u00e7\u00f5es recebidas de pessoas que presenciaram o ocorrido, durante a confus\u00e3o, um dos envolvidos, em um momento de f\u00faria, deu um soco em uma janela de vidro, o que causou um corte profundo em seu bra\u00e7o. O ferimento atingiu uma art\u00e9ria, provocando um sangramento intenso.<\/p>\n\n\n\n<p>As testemunhas relataram que o incidente gerou grande agita\u00e7\u00e3o entre os presentes. O caso n\u00e3o foi registrado junto \u00e0 Pol\u00edcia Militar at\u00e9 o momento.<\/p>\n\n\n\n<p><strong>C\u00e2meras de seguran\u00e7a capturaram o momento exato do impacto, revelando a gravidade da situa\u00e7\u00e3o.<\/strong><\/p>\n\n\n\n<figure class=\"wp-block-video\"><video height=\"478\" style=\"aspect-ratio: 848 \/ 478;\" width=\"848\" controls src=\"https:\/\/radiostudiow.com.br\/site\/wp-content\/uploads\/2024\/12\/WhatsApp-Video-2024-12-25-at-19.29.10-1.mp4\"><\/video><\/figure>\n\n\n\n<h3 class=\"wp-block-heading\">Situa\u00e7\u00e3o m\u00e9dica<\/h3>\n\n\n\n<p>Ap\u00f3s o incidente, o homem foi levado ao Hospital S\u00e3o Braz\/S\u00e3o Camilo, onde passou por uma cirurgia de emerg\u00eancia para evitar a amputa\u00e7\u00e3o do bra\u00e7o ferido.<\/p>\n\n\n\n<p>Ele foi encaminhado para a Unidade de Terapia Intensiva (UTI), onde segue em recupera\u00e7\u00e3o.\u00a0No entanto, sua condi\u00e7\u00e3o ainda exige cuidados especializados.<\/p>\n\n\n\n<figure class=\"wp-block-image size-full\"><img loading=\"lazy\" decoding=\"async\" width=\"300\" height=\"180\" src=\"https:\/\/radiostudiow.com.br\/site\/wp-content\/uploads\/2024\/04\/SITE-PEQUENO-1.png\" alt=\"\" class=\"wp-image-21868\"\/><\/figure>\n\n\n\n<p>De acordo com informa\u00e7\u00f5es, o paciente est\u00e1 aguardando a libera\u00e7\u00e3o de uma vaga em uma unidade de alta complexidade para continuar o tratamento.<\/p>\n\n\n\n<p>A cirurgia inicial conseguiu estabilizar a situa\u00e7\u00e3o, mas o acompanhamento cont\u00ednuo \u00e9 crucial para evitar complica\u00e7\u00f5es e preservar a funcionalidade do membro.<\/p>\n","protected":false},"excerpt":{"rendered":"<p>Uma briga registrada na madrugada desta quarta-feira, 25 de Dezembro, em frente a um clube no centro de Porto Uni\u00e3o terminou com um homem gravemente ferido. De acordo com informa\u00e7\u00f5es recebidas de pessoas que presenciaram o ocorrido, durante a confus\u00e3o, um dos envolvidos, em um momento de f\u00faria, deu um soco em uma janela de [&hellip;]<\/p>\n","protected":false},"author":2,"featured_media":32127,"comment_status":"open","ping_status":"open","sticky":false,"template":"","format":"standard","meta":{"footnotes":""},"categories":[2],"tags":[172],"class_list":["post-32126","post","type-post","status-publish","format-standard","has-post-thumbnail","hentry","category-policial","tag-featured"],"amp_enabled":true,"_links":{"self":[{"href":"https:\/\/radiostudiow.com.br\/site\/wp-json\/wp\/v2\/posts\/32126","targetHints":{"allow":["GET"]}}],"collection":[{"href":"https:\/\/radiostudiow.com.br\/site\/wp-json\/wp\/v2\/posts"}],"about":[{"href":"https:\/\/radiostudiow.com.br\/site\/wp-json\/wp\/v2\/types\/post"}],"author":[{"embeddable":true,"href":"https:\/\/radiostudiow.com.br\/site\/wp-json\/wp\/v2\/users\/2"}],"replies":[{"embeddable":true,"href":"https:\/\/radiostudiow.com.br\/site\/wp-json\/wp\/v2\/comments?post=32126"}],"version-history":[{"count":1,"href":"https:\/\/radiostudiow.com.br\/site\/wp-json\/wp\/v2\/posts\/32126\/revisions"}],"predecessor-version":[{"id":32129,"href":"https:\/\/radiostudiow.com.br\/site\/wp-json\/wp\/v2\/posts\/32126\/revisions\/32129"}],"wp:featuredmedia":[{"embeddable":true,"href":"https:\/\/radiostudiow.com.br\/site\/wp-json\/wp\/v2\/media\/32127"}],"wp:attachment":[{"href":"https:\/\/radiostudiow.com.br\/site\/wp-json\/wp\/v2\/media?parent=32126"}],"wp:term":[{"taxonomy":"category","embeddable":true,"href":"https:\/\/radiostudiow.com.br\/site\/wp-json\/wp\/v2\/categories?post=32126"},{"taxonomy":"post_tag","embeddable":true,"href":"https:\/\/radiostudiow.com.br\/site\/wp-json\/wp\/v2\/tags?post=32126"}],"curies":[{"name":"wp","href":"https:\/\/api.w.org\/{rel}","templated":true}]}}