{"id":32130,"date":"2024-12-26T20:09:40","date_gmt":"2024-12-26T23:09:40","guid":{"rendered":"https:\/\/radiostudiow.com.br\/site\/?p=32130"},"modified":"2025-01-31T14:58:03","modified_gmt":"2025-01-31T17:58:03","slug":"ney-latorraca-ator-e-diretor-morre-aos-80-anos-no-rio-de-janeiro","status":"publish","type":"post","link":"https:\/\/radiostudiow.com.br\/site\/2024\/12\/26\/ney-latorraca-ator-e-diretor-morre-aos-80-anos-no-rio-de-janeiro\/","title":{"rendered":"Ney Latorraca, ator e diretor, morre aos 80 anos no Rio de Janeiro"},"content":{"rendered":"\n<p>Morreu na manh\u00e3 desta quinta-feira (26), aos 80 anos, o ator e diretor Ney Latorraca. A informa\u00e7\u00e3o foi confirmada pela Cl\u00ednica S\u00e3o Vicente, da Rede D\u2019Or, na zona sul do Rio de Janeiro, onde ele estava internado. A causa da morte n\u00e3o foi divulgada, atendendo ao pedido da fam\u00edlia.<\/p>\n\n\n\n<p><strong>Em nota, o hospital declarou:<\/strong><\/p>\n\n\n\n<p><em>\u201cA Cl\u00ednica S\u00e3o Vicente lamenta profundamente a morte do paciente Antonio Ney Latorraca na manh\u00e3 desta quinta-feira e se solidariza com a fam\u00edlia e amigos por essa irrepar\u00e1vel perda. O hospital tamb\u00e9m informa que n\u00e3o tem autoriza\u00e7\u00e3o da fam\u00edlia para divulgar mais detalhes.\u201d<\/em><\/p>\n\n\n\n<figure class=\"wp-block-image size-full\"><img loading=\"lazy\" decoding=\"async\" width=\"300\" height=\"180\" src=\"https:\/\/radiostudiow.com.br\/site\/wp-content\/uploads\/2024\/04\/image-26.png\" alt=\"\" class=\"wp-image-21279\"\/><\/figure>\n\n\n\n<h3 class=\"wp-block-heading\">Carreira e legado<\/h3>\n\n\n\n<p>Nascido em Santos, S\u00e3o Paulo, em 25 de julho de 1944, Ney Latorraca come\u00e7ou sua trajet\u00f3ria art\u00edstica cedo, influenciado pelos pais, que tamb\u00e9m eram artistas. Ele estreou nos palcos aos 19 anos na pe\u00e7a&nbsp;<em>Pluft, o Fantasminha<\/em>, de Maria Clara Machado. Sua carreira na televis\u00e3o teve in\u00edcio na TV Tupi e passou por emissoras como TV Cultura e TV Record antes de alcan\u00e7ar o reconhecimento nacional na Rede Globo, a partir de 1975, na novela&nbsp;<em>Escalada<\/em>.<\/p>\n\n\n\n<p>Com uma carreira repleta de personagens marcantes, Ney ficou eternizado por pap\u00e9is como o vampiro Vlad na novela&nbsp;<em>Vamp<\/em>&nbsp;(1991) e o hil\u00e1rio Barbosa no humor\u00edstico&nbsp;<em>TV Pirata<\/em>. Sua versatilidade e talento o consagraram como um dos maiores nomes da dramaturgia brasileira.<\/p>\n\n\n\n<h3 class=\"wp-block-heading\">Uma vida dedicada \u00e0 arte<\/h3>\n\n\n\n<p>Al\u00e9m de sua atua\u00e7\u00e3o na TV, Ney Latorraca tamb\u00e9m brilhou no teatro e no cinema. Sua trajet\u00f3ria foi moldada por desafios e dedica\u00e7\u00e3o, desde os tempos dif\u00edceis em Santos, onde conciliava trabalhos diversos para sobreviver, at\u00e9 o auge de sua carreira art\u00edstica.<\/p>\n\n\n\n<figure class=\"wp-block-image size-large\"><img loading=\"lazy\" decoding=\"async\" width=\"1024\" height=\"451\" src=\"https:\/\/radiostudiow.com.br\/site\/wp-content\/uploads\/2024\/11\/voce-tem-em-quem-confiar-nos-te-ajudamos-a-se-proteger-dos-golpes_1200x1200-1024x451.png\" alt=\"\" class=\"wp-image-30588\" srcset=\"https:\/\/radiostudiow.com.br\/site\/wp-content\/uploads\/2024\/11\/voce-tem-em-quem-confiar-nos-te-ajudamos-a-se-proteger-dos-golpes_1200x1200-1024x451.png 1024w, https:\/\/radiostudiow.com.br\/site\/wp-content\/uploads\/2024\/11\/voce-tem-em-quem-confiar-nos-te-ajudamos-a-se-proteger-dos-golpes_1200x1200-300x132.png 300w, https:\/\/radiostudiow.com.br\/site\/wp-content\/uploads\/2024\/11\/voce-tem-em-quem-confiar-nos-te-ajudamos-a-se-proteger-dos-golpes_1200x1200-768x339.png 768w, https:\/\/radiostudiow.com.br\/site\/wp-content\/uploads\/2024\/11\/voce-tem-em-quem-confiar-nos-te-ajudamos-a-se-proteger-dos-golpes_1200x1200.png 1200w\" sizes=\"auto, (max-width: 1024px) 100vw, 1024px\" \/><\/figure>\n\n\n\n<p>Em depoimento ao programa&nbsp;<em>Mem\u00f3ria Globo<\/em>, Ney afirmou:<br>\u201cAprendi desde pequeno que precisava representar para sobreviver, o que nunca me deixou um trauma, pelo contr\u00e1rio. Sempre fui uma crian\u00e7a diferente das outras, tive uma hist\u00f3ria instigante. \u00c0s vezes, eu tinha que dormir cedo porque n\u00e3o havia o que comer em casa. Ent\u00e3o, at\u00e9 hoje, para mim, estou no lucro. Minha vida \u00e9 sempre lucro.\u201d<\/p>\n\n\n\n<h3 class=\"wp-block-heading\">Despedida<\/h3>\n\n\n\n<p>Ney Latorraca deixa um legado inestim\u00e1vel para o teatro, a televis\u00e3o e o cinema brasileiros. Sua irrever\u00eancia, talento e paix\u00e3o pela arte inspiraram gera\u00e7\u00f5es de atores e f\u00e3s. A fam\u00edlia ainda n\u00e3o divulgou informa\u00e7\u00f5es sobre o vel\u00f3rio e o enterro.<\/p>\n\n\n\n<p>O Brasil perde n\u00e3o apenas um ator brilhante, mas tamb\u00e9m um \u00edcone que ajudou a moldar a hist\u00f3ria da dramaturgia nacional.<\/p>\n","protected":false},"excerpt":{"rendered":"<p>Morreu na manh\u00e3 desta quinta-feira (26), aos 80 anos, o ator e diretor Ney Latorraca. A informa\u00e7\u00e3o foi confirmada pela Cl\u00ednica S\u00e3o Vicente, da Rede D\u2019Or, na zona sul do Rio de Janeiro, onde ele estava internado. A causa da morte n\u00e3o foi divulgada, atendendo ao pedido da fam\u00edlia. Em nota, o hospital declarou: \u201cA [&hellip;]<\/p>\n","protected":false},"author":2,"featured_media":32131,"comment_status":"open","ping_status":"open","sticky":false,"template":"","format":"standard","meta":{"footnotes":""},"categories":[7],"tags":[172],"class_list":["post-32130","post","type-post","status-publish","format-standard","has-post-thumbnail","hentry","category-geral","tag-featured"],"amp_enabled":true,"_links":{"self":[{"href":"https:\/\/radiostudiow.com.br\/site\/wp-json\/wp\/v2\/posts\/32130","targetHints":{"allow":["GET"]}}],"collection":[{"href":"https:\/\/radiostudiow.com.br\/site\/wp-json\/wp\/v2\/posts"}],"about":[{"href":"https:\/\/radiostudiow.com.br\/site\/wp-json\/wp\/v2\/types\/post"}],"author":[{"embeddable":true,"href":"https:\/\/radiostudiow.com.br\/site\/wp-json\/wp\/v2\/users\/2"}],"replies":[{"embeddable":true,"href":"https:\/\/radiostudiow.com.br\/site\/wp-json\/wp\/v2\/comments?post=32130"}],"version-history":[{"count":1,"href":"https:\/\/radiostudiow.com.br\/site\/wp-json\/wp\/v2\/posts\/32130\/revisions"}],"predecessor-version":[{"id":32132,"href":"https:\/\/radiostudiow.com.br\/site\/wp-json\/wp\/v2\/posts\/32130\/revisions\/32132"}],"wp:featuredmedia":[{"embeddable":true,"href":"https:\/\/radiostudiow.com.br\/site\/wp-json\/wp\/v2\/media\/32131"}],"wp:attachment":[{"href":"https:\/\/radiostudiow.com.br\/site\/wp-json\/wp\/v2\/media?parent=32130"}],"wp:term":[{"taxonomy":"category","embeddable":true,"href":"https:\/\/radiostudiow.com.br\/site\/wp-json\/wp\/v2\/categories?post=32130"},{"taxonomy":"post_tag","embeddable":true,"href":"https:\/\/radiostudiow.com.br\/site\/wp-json\/wp\/v2\/tags?post=32130"}],"curies":[{"name":"wp","href":"https:\/\/api.w.org\/{rel}","templated":true}]}}