{"id":32137,"date":"2024-12-27T10:17:45","date_gmt":"2024-12-27T13:17:45","guid":{"rendered":"https:\/\/radiostudiow.com.br\/site\/?p=32137"},"modified":"2025-01-31T14:58:03","modified_gmt":"2025-01-31T17:58:03","slug":"suspeito-com-mandado-de-prisao-e-detido-por-trafico-de-drogas-em-uniao-da-vitoria","status":"publish","type":"post","link":"https:\/\/radiostudiow.com.br\/site\/2024\/12\/27\/suspeito-com-mandado-de-prisao-e-detido-por-trafico-de-drogas-em-uniao-da-vitoria\/","title":{"rendered":"Suspeito com mandado de pris\u00e3o \u00e9 detido por tr\u00e1fico de drogas em Uni\u00e3o da Vit\u00f3ria"},"content":{"rendered":"\n<p>A equipe da Pol\u00edcia Militar de Uni\u00e3o da Vit\u00f3ria estava realizando patrulhamento pelo bairro Rio da Areia por volta das 17:50 horas dessa quinta-feira (26), quando visualizou um indiv\u00edduo com caracter\u00edsticas semelhantes a um cidad\u00e3o que possui mandado de pris\u00e3o.<\/p>\n\n\n\n<figure class=\"wp-block-image size-full\"><img loading=\"lazy\" decoding=\"async\" width=\"897\" height=\"204\" src=\"https:\/\/radiostudiow.com.br\/site\/wp-content\/uploads\/2024\/04\/image-50.png\" alt=\"\" class=\"wp-image-21368\" srcset=\"https:\/\/radiostudiow.com.br\/site\/wp-content\/uploads\/2024\/04\/image-50.png 897w, https:\/\/radiostudiow.com.br\/site\/wp-content\/uploads\/2024\/04\/image-50-300x68.png 300w, https:\/\/radiostudiow.com.br\/site\/wp-content\/uploads\/2024\/04\/image-50-768x175.png 768w\" sizes=\"auto, (max-width: 897px) 100vw, 897px\" \/><\/figure>\n\n\n\n<p>Dada a voz de abordagem, esta foi prontamente acatada. Durante a busca pessoal, foi localizada no bolso direito do suspeito por\u00e7\u00f5es de subst\u00e2ncia an\u00e1loga \u00e0 maconha, al\u00e9m de notas diversas.<\/p>\n\n\n\n<p>A por\u00e7\u00e3o total de subst\u00e2ncia an\u00e1loga \u00e0 maconha totalizou cerca de 97,7 gramas. Sendo o autor cientificado de seus direitos constitucionais cab\u00edveis. na sequ\u00eancia encaminhado \u00e0 4\u00aa SDP para as provid\u00eancias cab\u00edveis<\/p>\n","protected":false},"excerpt":{"rendered":"<p>A equipe da Pol\u00edcia Militar de Uni\u00e3o da Vit\u00f3ria estava realizando patrulhamento pelo bairro Rio da Areia por volta das 17:50 horas dessa quinta-feira (26), quando visualizou um indiv\u00edduo com caracter\u00edsticas semelhantes a um cidad\u00e3o que possui mandado de pris\u00e3o. Dada a voz de abordagem, esta foi prontamente acatada. Durante a busca pessoal, foi localizada [&hellip;]<\/p>\n","protected":false},"author":2,"featured_media":32138,"comment_status":"open","ping_status":"open","sticky":false,"template":"","format":"standard","meta":{"footnotes":""},"categories":[2],"tags":[172],"class_list":["post-32137","post","type-post","status-publish","format-standard","has-post-thumbnail","hentry","category-policial","tag-featured"],"amp_enabled":true,"_links":{"self":[{"href":"https:\/\/radiostudiow.com.br\/site\/wp-json\/wp\/v2\/posts\/32137","targetHints":{"allow":["GET"]}}],"collection":[{"href":"https:\/\/radiostudiow.com.br\/site\/wp-json\/wp\/v2\/posts"}],"about":[{"href":"https:\/\/radiostudiow.com.br\/site\/wp-json\/wp\/v2\/types\/post"}],"author":[{"embeddable":true,"href":"https:\/\/radiostudiow.com.br\/site\/wp-json\/wp\/v2\/users\/2"}],"replies":[{"embeddable":true,"href":"https:\/\/radiostudiow.com.br\/site\/wp-json\/wp\/v2\/comments?post=32137"}],"version-history":[{"count":1,"href":"https:\/\/radiostudiow.com.br\/site\/wp-json\/wp\/v2\/posts\/32137\/revisions"}],"predecessor-version":[{"id":32139,"href":"https:\/\/radiostudiow.com.br\/site\/wp-json\/wp\/v2\/posts\/32137\/revisions\/32139"}],"wp:featuredmedia":[{"embeddable":true,"href":"https:\/\/radiostudiow.com.br\/site\/wp-json\/wp\/v2\/media\/32138"}],"wp:attachment":[{"href":"https:\/\/radiostudiow.com.br\/site\/wp-json\/wp\/v2\/media?parent=32137"}],"wp:term":[{"taxonomy":"category","embeddable":true,"href":"https:\/\/radiostudiow.com.br\/site\/wp-json\/wp\/v2\/categories?post=32137"},{"taxonomy":"post_tag","embeddable":true,"href":"https:\/\/radiostudiow.com.br\/site\/wp-json\/wp\/v2\/tags?post=32137"}],"curies":[{"name":"wp","href":"https:\/\/api.w.org\/{rel}","templated":true}]}}