{"id":32145,"date":"2024-12-27T11:12:08","date_gmt":"2024-12-27T14:12:08","guid":{"rendered":"https:\/\/radiostudiow.com.br\/site\/?p=32145"},"modified":"2025-01-31T14:58:03","modified_gmt":"2025-01-31T17:58:03","slug":"quedas-sao-o-terceiro-motivo-de-ligacoes-recebidas-pelo-samu-em-2024","status":"publish","type":"post","link":"https:\/\/radiostudiow.com.br\/site\/2024\/12\/27\/quedas-sao-o-terceiro-motivo-de-ligacoes-recebidas-pelo-samu-em-2024\/","title":{"rendered":"Quedas s\u00e3o o terceiro motivo de liga\u00e7\u00f5es recebidas pelo Samu em 2024"},"content":{"rendered":"\n<p>De janeiro a outubro deste ano, o Servi\u00e7o de Atendimento M\u00f3vel de Urg\u00eancia (Samu) recebeu 29.895 liga\u00e7\u00f5es para atendimento relacionado a algum tipo de queda. Em maior ou menor grau, os trope\u00e7os, escorreg\u00f5es e pisadas em falso s\u00e3o as causas mais frequentes de quedas e podem acarretar consequ\u00eancias graves, comprometendo a qualidade de vida do paciente e at\u00e9 levando \u00e0 morte.<\/p>\n\n\n\n<figure class=\"wp-block-image size-full\"><img loading=\"lazy\" decoding=\"async\" width=\"598\" height=\"204\" src=\"https:\/\/radiostudiow.com.br\/site\/wp-content\/uploads\/2024\/10\/labirati.png\" alt=\"\" class=\"wp-image-28854\" srcset=\"https:\/\/radiostudiow.com.br\/site\/wp-content\/uploads\/2024\/10\/labirati.png 598w, https:\/\/radiostudiow.com.br\/site\/wp-content\/uploads\/2024\/10\/labirati-300x102.png 300w\" sizes=\"auto, (max-width: 598px) 100vw, 598px\" \/><\/figure>\n\n\n\n<p>A maioria das v\u00edtimas de quedas assistidas pelos profissionais do Samu foram do sexo masculino, com 58,5% dos atendimentos e 41,5%&nbsp;do sexo feminino. As causas externas relacionadas ao trabalho, bem como profiss\u00f5es de maior risco, s\u00e3o mais comuns entre os homens, o que resulta em mais chamados.<\/p>\n\n\n\n<p><strong><em>\u201cA maioria das quedas n\u00e3o s\u00e3o intencionais, como quedas da pr\u00f3pria altura ou de altura, e est\u00e3o relacionadas a problemas com o ambiente. Isso porque a maior parte delas ocorre com a popula\u00e7\u00e3o ativa e, geralmente, no trabalho; em menores, as quedas est\u00e3o relacionados \u00e0 explora\u00e7\u00e3o do ambiente e acidentes na resid\u00eancia\u201d, relata o m\u00e9dico ortopedista e coordenador m\u00e9dico da Macro Sul Catarinense do Samu, Jebsen Yanagihara Coelho Galv\u00e3o,<\/em><\/strong><\/p>\n\n\n\n<p>As ocorr\u00eancias t\u00eam crescido na faixa et\u00e1ria de 0 a 19 anos. Somente em 2024, de janeiro a outubro, a Central de Regula\u00e7\u00e3o (CRU) direcionou 12.422 chamados para as Unidades de Suporte Avan\u00e7ado (USA) e B\u00e1sico (USB), sendo 1.374 de crian\u00e7as e adolescentes. Na faixa et\u00e1ria de 20 a 59 anos houve 5.862 assist\u00eancias e, acima de 60 anos, 5.101 atendimentos.<\/p>\n\n\n\n<p>De acordo com o Instituto Nacional de Traumatologia e Ortopedia, do Minist\u00e9rio da Sa\u00fade (MS), a maioria das quedas ocorrem dentro de resid\u00eancias.<\/p>\n\n\n\n<p>No entanto, os obst\u00e1culos enfrentados diariamente pela popula\u00e7\u00e3o nos grandes centros urbanos, como cal\u00e7adas com desn\u00edveis, buracos, acessos irregulares nos transportes p\u00fablicos e ilumina\u00e7\u00e3o prec\u00e1ria, tamb\u00e9m podem resultar em tombos e chamados para o 192.<\/p>\n\n\n\n<figure class=\"wp-block-image size-full\"><img loading=\"lazy\" decoding=\"async\" width=\"300\" height=\"180\" src=\"https:\/\/radiostudiow.com.br\/site\/wp-content\/uploads\/2024\/04\/image-26.png\" alt=\"\" class=\"wp-image-21279\"\/><\/figure>\n\n\n\n<p><strong>DICAS DE PREVEN\u00c7\u00c3O<\/strong><\/p>\n\n\n\n<ul class=\"wp-block-list\">\n<li>Realizar avalia\u00e7\u00f5es peri\u00f3dicas com oftalmologista<\/li>\n\n\n\n<li>Evitar ambientes desconhecidos e com pouca ilumina\u00e7\u00e3o,<\/li>\n\n\n\n<li>Evitar escadas sem corrim\u00e3o<\/li>\n\n\n\n<li>Cadeiras, camas e vasos sanit\u00e1rios muito baixos e sem apoio para sentar e levantar<\/li>\n\n\n\n<li>Nunca utilizar escadas ou bancos para realizar atividades dom\u00e9sticas.<\/li>\n\n\n\n<li><\/li>\n<\/ul>\n\n\n\n<p><strong>QUARTO:<\/strong><\/p>\n\n\n\n<ul class=\"wp-block-list\">\n<li>Ajustar a altura da cama e se preciso for trocar o colch\u00e3o por um mais firme;<\/li>\n\n\n\n<li>Usar cal\u00e7ados de salto baixos e com solado que n\u00e3o escorregue;<\/li>\n\n\n\n<li>Evitar arm\u00e1rios muito altos que necessitem de bancos ou de escadas para alcan\u00e7ar os objetos.<\/li>\n\n\n\n<li><\/li>\n<\/ul>\n\n\n\n<p><strong>BANHEIROS:<\/strong><\/p>\n\n\n\n<ul class=\"wp-block-list\">\n<li>Instalar barras de seguran\u00e7a nos banheiros e colocar tapetes emborrachados;<\/li>\n\n\n\n<li>Ficar atento aos animais dom\u00e9sticos que circularem pela casa;<\/li>\n\n\n\n<li>Retirar as extens\u00f5es el\u00e9tricas e objetos espalhados pelo ch\u00e3o.<\/li>\n<\/ul>\n","protected":false},"excerpt":{"rendered":"<p>De janeiro a outubro deste ano, o Servi\u00e7o de Atendimento M\u00f3vel de Urg\u00eancia (Samu) recebeu 29.895 liga\u00e7\u00f5es para atendimento relacionado a algum tipo de queda. Em maior ou menor grau, os trope\u00e7os, escorreg\u00f5es e pisadas em falso s\u00e3o as causas mais frequentes de quedas e podem acarretar consequ\u00eancias graves, comprometendo a qualidade de vida do [&hellip;]<\/p>\n","protected":false},"author":2,"featured_media":32146,"comment_status":"open","ping_status":"open","sticky":false,"template":"","format":"standard","meta":{"footnotes":""},"categories":[185],"tags":[172],"class_list":["post-32145","post","type-post","status-publish","format-standard","has-post-thumbnail","hentry","category-regional","tag-featured"],"amp_enabled":true,"_links":{"self":[{"href":"https:\/\/radiostudiow.com.br\/site\/wp-json\/wp\/v2\/posts\/32145","targetHints":{"allow":["GET"]}}],"collection":[{"href":"https:\/\/radiostudiow.com.br\/site\/wp-json\/wp\/v2\/posts"}],"about":[{"href":"https:\/\/radiostudiow.com.br\/site\/wp-json\/wp\/v2\/types\/post"}],"author":[{"embeddable":true,"href":"https:\/\/radiostudiow.com.br\/site\/wp-json\/wp\/v2\/users\/2"}],"replies":[{"embeddable":true,"href":"https:\/\/radiostudiow.com.br\/site\/wp-json\/wp\/v2\/comments?post=32145"}],"version-history":[{"count":1,"href":"https:\/\/radiostudiow.com.br\/site\/wp-json\/wp\/v2\/posts\/32145\/revisions"}],"predecessor-version":[{"id":32147,"href":"https:\/\/radiostudiow.com.br\/site\/wp-json\/wp\/v2\/posts\/32145\/revisions\/32147"}],"wp:featuredmedia":[{"embeddable":true,"href":"https:\/\/radiostudiow.com.br\/site\/wp-json\/wp\/v2\/media\/32146"}],"wp:attachment":[{"href":"https:\/\/radiostudiow.com.br\/site\/wp-json\/wp\/v2\/media?parent=32145"}],"wp:term":[{"taxonomy":"category","embeddable":true,"href":"https:\/\/radiostudiow.com.br\/site\/wp-json\/wp\/v2\/categories?post=32145"},{"taxonomy":"post_tag","embeddable":true,"href":"https:\/\/radiostudiow.com.br\/site\/wp-json\/wp\/v2\/tags?post=32145"}],"curies":[{"name":"wp","href":"https:\/\/api.w.org\/{rel}","templated":true}]}}