{"id":32149,"date":"2024-12-27T16:34:41","date_gmt":"2024-12-27T19:34:41","guid":{"rendered":"https:\/\/radiostudiow.com.br\/site\/?p=32149"},"modified":"2025-01-31T14:58:03","modified_gmt":"2025-01-31T17:58:03","slug":"mulher-procura-policia-apos-ameacas-de-facao-do-marido-em-uma-confraternizacao-em-cruz-machado","status":"publish","type":"post","link":"https:\/\/radiostudiow.com.br\/site\/2024\/12\/27\/mulher-procura-policia-apos-ameacas-de-facao-do-marido-em-uma-confraternizacao-em-cruz-machado\/","title":{"rendered":"Mulher procura pol\u00edcia ap\u00f3s amea\u00e7as de fac\u00e3o do marido em uma confraterniza\u00e7\u00e3o em Cruz Machado"},"content":{"rendered":"\n<p>Uma mulher compareceu ao Pelot\u00e3o da Pol\u00edcia Militar de Cruz Machado por volta das 19:10 horas dessa quinta-feira, 26 de dezembro, para relatar uma situa\u00e7\u00e3o de amea\u00e7a.<\/p>\n\n\n\n<p>A v\u00edtima passou a relatar que estavam em uma confraterniza\u00e7\u00e3o, quando o autor, ap\u00f3s ingerir bebida alco\u00f3lica ficou alterado e quando sua esposa chamou sua aten\u00e7\u00e3o pelas suas atitudes, momento que autor ficou agressivo fazendo com que a v\u00edtima se retirasse de sua casa.<\/p>\n\n\n\n<figure class=\"wp-block-image size-full\"><img loading=\"lazy\" decoding=\"async\" width=\"598\" height=\"204\" src=\"https:\/\/radiostudiow.com.br\/site\/wp-content\/uploads\/2024\/04\/image-39.png\" alt=\"\" class=\"wp-image-21311\" srcset=\"https:\/\/radiostudiow.com.br\/site\/wp-content\/uploads\/2024\/04\/image-39.png 598w, https:\/\/radiostudiow.com.br\/site\/wp-content\/uploads\/2024\/04\/image-39-300x102.png 300w\" sizes=\"auto, (max-width: 598px) 100vw, 598px\" \/><\/figure>\n\n\n\n<p>O autor ent\u00e3o tirou um fac\u00e3o de baixo do banco de tr\u00e1s e veio em sua dire\u00e7\u00e3o, dizendo &#8220;vou matar voc\u00eas sen\u00e3o entrar no carro&#8221; ap\u00f3s desaten\u00e7\u00e3o do autor a v\u00edtima conseguiu pegar o fac\u00e3o e jogar no mato, posteriormente, o autor adentrou em uma ro\u00e7a de fumo, perdendo o mesmo de vista.<\/p>\n\n\n\n<p>Diante da situa\u00e7\u00e3o a v\u00edtima foi orientada quanto aos procedimentos a serem adotados.<\/p>\n","protected":false},"excerpt":{"rendered":"<p>Uma mulher compareceu ao Pelot\u00e3o da Pol\u00edcia Militar de Cruz Machado por volta das 19:10 horas dessa quinta-feira, 26 de dezembro, para relatar uma situa\u00e7\u00e3o de amea\u00e7a. A v\u00edtima passou a relatar que estavam em uma confraterniza\u00e7\u00e3o, quando o autor, ap\u00f3s ingerir bebida alco\u00f3lica ficou alterado e quando sua esposa chamou sua aten\u00e7\u00e3o pelas suas [&hellip;]<\/p>\n","protected":false},"author":2,"featured_media":29740,"comment_status":"open","ping_status":"open","sticky":false,"template":"","format":"standard","meta":{"footnotes":""},"categories":[2],"tags":[172],"class_list":["post-32149","post","type-post","status-publish","format-standard","has-post-thumbnail","hentry","category-policial","tag-featured"],"amp_enabled":true,"_links":{"self":[{"href":"https:\/\/radiostudiow.com.br\/site\/wp-json\/wp\/v2\/posts\/32149","targetHints":{"allow":["GET"]}}],"collection":[{"href":"https:\/\/radiostudiow.com.br\/site\/wp-json\/wp\/v2\/posts"}],"about":[{"href":"https:\/\/radiostudiow.com.br\/site\/wp-json\/wp\/v2\/types\/post"}],"author":[{"embeddable":true,"href":"https:\/\/radiostudiow.com.br\/site\/wp-json\/wp\/v2\/users\/2"}],"replies":[{"embeddable":true,"href":"https:\/\/radiostudiow.com.br\/site\/wp-json\/wp\/v2\/comments?post=32149"}],"version-history":[{"count":2,"href":"https:\/\/radiostudiow.com.br\/site\/wp-json\/wp\/v2\/posts\/32149\/revisions"}],"predecessor-version":[{"id":32152,"href":"https:\/\/radiostudiow.com.br\/site\/wp-json\/wp\/v2\/posts\/32149\/revisions\/32152"}],"wp:featuredmedia":[{"embeddable":true,"href":"https:\/\/radiostudiow.com.br\/site\/wp-json\/wp\/v2\/media\/29740"}],"wp:attachment":[{"href":"https:\/\/radiostudiow.com.br\/site\/wp-json\/wp\/v2\/media?parent=32149"}],"wp:term":[{"taxonomy":"category","embeddable":true,"href":"https:\/\/radiostudiow.com.br\/site\/wp-json\/wp\/v2\/categories?post=32149"},{"taxonomy":"post_tag","embeddable":true,"href":"https:\/\/radiostudiow.com.br\/site\/wp-json\/wp\/v2\/tags?post=32149"}],"curies":[{"name":"wp","href":"https:\/\/api.w.org\/{rel}","templated":true}]}}