{"id":32157,"date":"2024-12-28T08:48:48","date_gmt":"2024-12-28T11:48:48","guid":{"rendered":"https:\/\/radiostudiow.com.br\/site\/?p=32157"},"modified":"2025-01-31T14:58:03","modified_gmt":"2025-01-31T17:58:03","slug":"incendio-destroi-residencia-no-bairro-planalto-em-general-carneiro","status":"publish","type":"post","link":"https:\/\/radiostudiow.com.br\/site\/2024\/12\/28\/incendio-destroi-residencia-no-bairro-planalto-em-general-carneiro\/","title":{"rendered":"Inc\u00eandio destr\u00f3i resid\u00eancia no bairro Planalto em General Carneiro"},"content":{"rendered":"\n<p>Na noite desta quinta-feira, 26, por volta das 22h25, um inc\u00eandio de grandes propor\u00e7\u00f5es destruiu uma resid\u00eancia localizada no bairro Planalto, em General Carneiro, pr\u00f3ximo ao centro comunit\u00e1rio da comunidade.&nbsp;As chamas, que se alastraram rapidamente, consumiram completamente a estrutura da casa, deixando-a totalmente destru\u00edda.<\/p>\n\n\n\n<figure class=\"wp-block-image size-full\"><img loading=\"lazy\" decoding=\"async\" width=\"897\" height=\"204\" src=\"https:\/\/radiostudiow.com.br\/site\/wp-content\/uploads\/2024\/11\/image-49.png\" alt=\"\" class=\"wp-image-30017\" srcset=\"https:\/\/radiostudiow.com.br\/site\/wp-content\/uploads\/2024\/11\/image-49.png 897w, https:\/\/radiostudiow.com.br\/site\/wp-content\/uploads\/2024\/11\/image-49-300x68.png 300w, https:\/\/radiostudiow.com.br\/site\/wp-content\/uploads\/2024\/11\/image-49-768x175.png 768w\" sizes=\"auto, (max-width: 897px) 100vw, 897px\" \/><\/figure>\n\n\n\n<p>Felizmente, n\u00e3o havia ningu\u00e9m na resid\u00eancia no momento do inc\u00eandio, evitando v\u00edtimas. O Corpo de Bombeiros foi acionado imediatamente e se deslocou at\u00e9 o local para combater o fogo.<\/p>\n\n\n\n<p>No entanto, devido \u00e0 intensidade do inc\u00eandio, as equipes de resgate n\u00e3o conseguiram evitar que a casa fosse completamente tomada pelas chamas.&nbsp;A causa do inc\u00eandio ainda est\u00e1 sendo investigada pelas autoridades competentes.<\/p>\n\n\n\n<figure class=\"wp-block-gallery has-nested-images columns-default is-cropped wp-block-gallery-1 is-layout-flex wp-block-gallery-is-layout-flex\">\n<figure class=\"wp-block-image size-large\"><img loading=\"lazy\" decoding=\"async\" width=\"337\" height=\"600\" data-id=\"32167\" src=\"https:\/\/radiostudiow.com.br\/site\/wp-content\/uploads\/2024\/12\/01-3-1.jpeg\" alt=\"\" class=\"wp-image-32167\" srcset=\"https:\/\/radiostudiow.com.br\/site\/wp-content\/uploads\/2024\/12\/01-3-1.jpeg 337w, https:\/\/radiostudiow.com.br\/site\/wp-content\/uploads\/2024\/12\/01-3-1-169x300.jpeg 169w\" sizes=\"auto, (max-width: 337px) 100vw, 337px\" \/><\/figure>\n\n\n\n<figure class=\"wp-block-image size-large\"><img loading=\"lazy\" decoding=\"async\" width=\"338\" height=\"600\" data-id=\"32168\" src=\"https:\/\/radiostudiow.com.br\/site\/wp-content\/uploads\/2024\/12\/01-4.jpeg\" alt=\"\" class=\"wp-image-32168\" srcset=\"https:\/\/radiostudiow.com.br\/site\/wp-content\/uploads\/2024\/12\/01-4.jpeg 338w, https:\/\/radiostudiow.com.br\/site\/wp-content\/uploads\/2024\/12\/01-4-169x300.jpeg 169w\" sizes=\"auto, (max-width: 338px) 100vw, 338px\" \/><\/figure>\n<\/figure>\n\n\n\n<figure class=\"wp-block-image size-full\"><img loading=\"lazy\" decoding=\"async\" width=\"616\" height=\"600\" src=\"https:\/\/radiostudiow.com.br\/site\/wp-content\/uploads\/2024\/12\/01-1-1.jpeg\" alt=\"\" class=\"wp-image-32165\" srcset=\"https:\/\/radiostudiow.com.br\/site\/wp-content\/uploads\/2024\/12\/01-1-1.jpeg 616w, https:\/\/radiostudiow.com.br\/site\/wp-content\/uploads\/2024\/12\/01-1-1-300x292.jpeg 300w\" sizes=\"auto, (max-width: 616px) 100vw, 616px\" \/><\/figure>\n","protected":false},"excerpt":{"rendered":"<p>Na noite desta quinta-feira, 26, por volta das 22h25, um inc\u00eandio de grandes propor\u00e7\u00f5es destruiu uma resid\u00eancia localizada no bairro Planalto, em General Carneiro, pr\u00f3ximo ao centro comunit\u00e1rio da comunidade.&nbsp;As chamas, que se alastraram rapidamente, consumiram completamente a estrutura da casa, deixando-a totalmente destru\u00edda. Felizmente, n\u00e3o havia ningu\u00e9m na resid\u00eancia no momento do inc\u00eandio, evitando [&hellip;]<\/p>\n","protected":false},"author":2,"featured_media":32166,"comment_status":"open","ping_status":"open","sticky":false,"template":"","format":"standard","meta":{"footnotes":""},"categories":[185],"tags":[172],"class_list":["post-32157","post","type-post","status-publish","format-standard","has-post-thumbnail","hentry","category-regional","tag-featured"],"amp_enabled":true,"_links":{"self":[{"href":"https:\/\/radiostudiow.com.br\/site\/wp-json\/wp\/v2\/posts\/32157","targetHints":{"allow":["GET"]}}],"collection":[{"href":"https:\/\/radiostudiow.com.br\/site\/wp-json\/wp\/v2\/posts"}],"about":[{"href":"https:\/\/radiostudiow.com.br\/site\/wp-json\/wp\/v2\/types\/post"}],"author":[{"embeddable":true,"href":"https:\/\/radiostudiow.com.br\/site\/wp-json\/wp\/v2\/users\/2"}],"replies":[{"embeddable":true,"href":"https:\/\/radiostudiow.com.br\/site\/wp-json\/wp\/v2\/comments?post=32157"}],"version-history":[{"count":1,"href":"https:\/\/radiostudiow.com.br\/site\/wp-json\/wp\/v2\/posts\/32157\/revisions"}],"predecessor-version":[{"id":32169,"href":"https:\/\/radiostudiow.com.br\/site\/wp-json\/wp\/v2\/posts\/32157\/revisions\/32169"}],"wp:featuredmedia":[{"embeddable":true,"href":"https:\/\/radiostudiow.com.br\/site\/wp-json\/wp\/v2\/media\/32166"}],"wp:attachment":[{"href":"https:\/\/radiostudiow.com.br\/site\/wp-json\/wp\/v2\/media?parent=32157"}],"wp:term":[{"taxonomy":"category","embeddable":true,"href":"https:\/\/radiostudiow.com.br\/site\/wp-json\/wp\/v2\/categories?post=32157"},{"taxonomy":"post_tag","embeddable":true,"href":"https:\/\/radiostudiow.com.br\/site\/wp-json\/wp\/v2\/tags?post=32157"}],"curies":[{"name":"wp","href":"https:\/\/api.w.org\/{rel}","templated":true}]}}