{"id":32170,"date":"2024-12-28T08:50:06","date_gmt":"2024-12-28T11:50:06","guid":{"rendered":"https:\/\/radiostudiow.com.br\/site\/?p=32170"},"modified":"2025-01-31T14:58:03","modified_gmt":"2025-01-31T17:58:03","slug":"jovem-de-19-anos-perde-o-controle-e-capota-veiculo-no-interior-de-reboucas","status":"publish","type":"post","link":"https:\/\/radiostudiow.com.br\/site\/2024\/12\/28\/jovem-de-19-anos-perde-o-controle-e-capota-veiculo-no-interior-de-reboucas\/","title":{"rendered":"Jovem de 19 anos perde o controle e capota ve\u00edculo no interior de Rebou\u00e7as"},"content":{"rendered":"\n<p>Na tarde de hoje sexta-feira, 27 de dezembro, um acidente ocorreu na comunidade Riozinho dos Santos, pr\u00f3xima \u00e0 igreja, no interior do munic\u00edpio de Rebou\u00e7as.<\/p>\n\n\n\n<figure class=\"wp-block-image size-full\"><img loading=\"lazy\" decoding=\"async\" width=\"897\" height=\"204\" src=\"https:\/\/radiostudiow.com.br\/site\/wp-content\/uploads\/2024\/04\/image-50.png\" alt=\"\" class=\"wp-image-21368\" srcset=\"https:\/\/radiostudiow.com.br\/site\/wp-content\/uploads\/2024\/04\/image-50.png 897w, https:\/\/radiostudiow.com.br\/site\/wp-content\/uploads\/2024\/04\/image-50-300x68.png 300w, https:\/\/radiostudiow.com.br\/site\/wp-content\/uploads\/2024\/04\/image-50-768x175.png 768w\" sizes=\"auto, (max-width: 897px) 100vw, 897px\" \/><\/figure>\n\n\n\n<p>Uma condutora de 19 anos, que est\u00e1 passando f\u00e9rias na cidade, perdeu o controle do ve\u00edculo Hyundai I30 ap\u00f3s frear bruscamente.<\/p>\n\n\n\n<p>Segundo relatos, o acidente ocorreu quando outro ve\u00edculo estava \u00e0 frente, e a jovem foi obrigada a frear rapidamente. O carro capotou, e a condutora foi encaminhada ao hospital com dores pelo corpo.<\/p>\n\n\n\n<figure class=\"wp-block-image size-full\"><img loading=\"lazy\" decoding=\"async\" width=\"300\" height=\"180\" src=\"https:\/\/radiostudiow.com.br\/site\/wp-content\/uploads\/2024\/04\/SITE-PEQUENO.png\" alt=\"\" class=\"wp-image-21712\"\/><\/figure>\n\n\n\n<p>A Brigada Militar composta pelos agentes Emerson e Eduardo foi acionada e rapidamente e prestou os primeiros socorros a vitima.<\/p>\n\n\n\n<p>A Pol\u00edcia Militar tamb\u00e9m foi acionada para realizar os procedimentos necess\u00e1rios.<\/p>\n","protected":false},"excerpt":{"rendered":"<p>Na tarde de hoje sexta-feira, 27 de dezembro, um acidente ocorreu na comunidade Riozinho dos Santos, pr\u00f3xima \u00e0 igreja, no interior do munic\u00edpio de Rebou\u00e7as. Uma condutora de 19 anos, que est\u00e1 passando f\u00e9rias na cidade, perdeu o controle do ve\u00edculo Hyundai I30 ap\u00f3s frear bruscamente. Segundo relatos, o acidente ocorreu quando outro ve\u00edculo estava [&hellip;]<\/p>\n","protected":false},"author":2,"featured_media":32171,"comment_status":"open","ping_status":"open","sticky":false,"template":"","format":"standard","meta":{"footnotes":""},"categories":[2],"tags":[172],"class_list":["post-32170","post","type-post","status-publish","format-standard","has-post-thumbnail","hentry","category-policial","tag-featured"],"amp_enabled":true,"_links":{"self":[{"href":"https:\/\/radiostudiow.com.br\/site\/wp-json\/wp\/v2\/posts\/32170","targetHints":{"allow":["GET"]}}],"collection":[{"href":"https:\/\/radiostudiow.com.br\/site\/wp-json\/wp\/v2\/posts"}],"about":[{"href":"https:\/\/radiostudiow.com.br\/site\/wp-json\/wp\/v2\/types\/post"}],"author":[{"embeddable":true,"href":"https:\/\/radiostudiow.com.br\/site\/wp-json\/wp\/v2\/users\/2"}],"replies":[{"embeddable":true,"href":"https:\/\/radiostudiow.com.br\/site\/wp-json\/wp\/v2\/comments?post=32170"}],"version-history":[{"count":1,"href":"https:\/\/radiostudiow.com.br\/site\/wp-json\/wp\/v2\/posts\/32170\/revisions"}],"predecessor-version":[{"id":32172,"href":"https:\/\/radiostudiow.com.br\/site\/wp-json\/wp\/v2\/posts\/32170\/revisions\/32172"}],"wp:featuredmedia":[{"embeddable":true,"href":"https:\/\/radiostudiow.com.br\/site\/wp-json\/wp\/v2\/media\/32171"}],"wp:attachment":[{"href":"https:\/\/radiostudiow.com.br\/site\/wp-json\/wp\/v2\/media?parent=32170"}],"wp:term":[{"taxonomy":"category","embeddable":true,"href":"https:\/\/radiostudiow.com.br\/site\/wp-json\/wp\/v2\/categories?post=32170"},{"taxonomy":"post_tag","embeddable":true,"href":"https:\/\/radiostudiow.com.br\/site\/wp-json\/wp\/v2\/tags?post=32170"}],"curies":[{"name":"wp","href":"https:\/\/api.w.org\/{rel}","templated":true}]}}