{"id":32181,"date":"2024-12-28T09:08:51","date_gmt":"2024-12-28T12:08:51","guid":{"rendered":"https:\/\/radiostudiow.com.br\/site\/?p=32181"},"modified":"2025-01-31T14:58:02","modified_gmt":"2025-01-31T17:58:02","slug":"corpo-de-bombeiros-atentem-incendio-em-residencia-de-sao-mateus-do-sul","status":"publish","type":"post","link":"https:\/\/radiostudiow.com.br\/site\/2024\/12\/28\/corpo-de-bombeiros-atentem-incendio-em-residencia-de-sao-mateus-do-sul\/","title":{"rendered":"Corpo de Bombeiros atentem inc\u00eandio em resid\u00eancia de S\u00e3o Mateus do Sul"},"content":{"rendered":"\n<p>Na madrugada deste s\u00e1bado, 28 de dezembro, por volta das 5h30, o Corpo de Bombeiros atendeu a uma ocorr\u00eancia de inc\u00eandio em uma resid\u00eancia na Rua S\u00e3o Paulo, bairro Bom Jesus. O chamado foi realizado via 193, relatando um fogo intenso em uma casa vazia, com risco de propaga\u00e7\u00e3o para im\u00f3veis vizinhos.<\/p>\n\n\n\n<figure class=\"wp-block-image size-full\"><img loading=\"lazy\" decoding=\"async\" width=\"598\" height=\"204\" src=\"https:\/\/radiostudiow.com.br\/site\/wp-content\/uploads\/2024\/04\/image-39.png\" alt=\"\" class=\"wp-image-21311\" srcset=\"https:\/\/radiostudiow.com.br\/site\/wp-content\/uploads\/2024\/04\/image-39.png 598w, https:\/\/radiostudiow.com.br\/site\/wp-content\/uploads\/2024\/04\/image-39-300x102.png 300w\" sizes=\"auto, (max-width: 598px) 100vw, 598px\" \/><\/figure>\n\n\n\n<p>As equipes mobilizaram tr\u00eas viaturas para o atendimento (ABS 0014, ABTR 14957 e ABTR 7790), <a><\/a>contando com a atua\u00e7\u00e3o direta de quatro bombeiros militares. Ao chegarem ao local, encontraram a resid\u00eancia completamente tomada pelas chamas. O combate ao inc\u00eandio foi iniciado rapidamente e, em cerca de 7.000 litros de \u00e1gua, o fogo foi controlado.<\/p>\n\n\n\n<p>N\u00e3o houve v\u00edtimas, e a Pol\u00edcia Militar foi acionada para prestar apoio na ocorr\u00eancia. A causa do inc\u00eandio ainda n\u00e3o foi identificada, e as autoridades podem realizar uma per\u00edcia no local para determinar as circunst\u00e2ncias do ocorrido.<\/p>\n\n\n\n<p><\/p>\n","protected":false},"excerpt":{"rendered":"<p>Na madrugada deste s\u00e1bado, 28 de dezembro, por volta das 5h30, o Corpo de Bombeiros atendeu a uma ocorr\u00eancia de inc\u00eandio em uma resid\u00eancia na Rua S\u00e3o Paulo, bairro Bom Jesus. O chamado foi realizado via 193, relatando um fogo intenso em uma casa vazia, com risco de propaga\u00e7\u00e3o para im\u00f3veis vizinhos. As equipes mobilizaram [&hellip;]<\/p>\n","protected":false},"author":2,"featured_media":32183,"comment_status":"open","ping_status":"open","sticky":false,"template":"","format":"standard","meta":{"footnotes":""},"categories":[185],"tags":[172],"class_list":["post-32181","post","type-post","status-publish","format-standard","has-post-thumbnail","hentry","category-regional","tag-featured"],"amp_enabled":true,"_links":{"self":[{"href":"https:\/\/radiostudiow.com.br\/site\/wp-json\/wp\/v2\/posts\/32181","targetHints":{"allow":["GET"]}}],"collection":[{"href":"https:\/\/radiostudiow.com.br\/site\/wp-json\/wp\/v2\/posts"}],"about":[{"href":"https:\/\/radiostudiow.com.br\/site\/wp-json\/wp\/v2\/types\/post"}],"author":[{"embeddable":true,"href":"https:\/\/radiostudiow.com.br\/site\/wp-json\/wp\/v2\/users\/2"}],"replies":[{"embeddable":true,"href":"https:\/\/radiostudiow.com.br\/site\/wp-json\/wp\/v2\/comments?post=32181"}],"version-history":[{"count":2,"href":"https:\/\/radiostudiow.com.br\/site\/wp-json\/wp\/v2\/posts\/32181\/revisions"}],"predecessor-version":[{"id":32193,"href":"https:\/\/radiostudiow.com.br\/site\/wp-json\/wp\/v2\/posts\/32181\/revisions\/32193"}],"wp:featuredmedia":[{"embeddable":true,"href":"https:\/\/radiostudiow.com.br\/site\/wp-json\/wp\/v2\/media\/32183"}],"wp:attachment":[{"href":"https:\/\/radiostudiow.com.br\/site\/wp-json\/wp\/v2\/media?parent=32181"}],"wp:term":[{"taxonomy":"category","embeddable":true,"href":"https:\/\/radiostudiow.com.br\/site\/wp-json\/wp\/v2\/categories?post=32181"},{"taxonomy":"post_tag","embeddable":true,"href":"https:\/\/radiostudiow.com.br\/site\/wp-json\/wp\/v2\/tags?post=32181"}],"curies":[{"name":"wp","href":"https:\/\/api.w.org\/{rel}","templated":true}]}}